{"id":47,"date":"2019-05-30T21:46:00","date_gmt":"2019-05-30T20:46:00","guid":{"rendered":"https:\/\/www.politicti-vezni.cz\/?p=47"},"modified":"2023-03-03T22:45:10","modified_gmt":"2023-03-03T21:45:10","slug":"dablice-2019","status":"publish","type":"post","link":"https:\/\/www.politicti-vezni.cz\/?p=47","title":{"rendered":"\u010e\u00e1blice 2019"},"content":{"rendered":"\n<p>Sdru\u017een\u00ed B\u00fdval\u00fdch politick\u00fdch v\u011bz\u0148\u016f \u010cR si V\u00e1s dovoluje pozvat na <strong>Pietn\u00ed akt ob\u011btem rud\u00e9ho teroru<\/strong> z let 1948 \u2013 1989. Akce se kon\u00e1<strong> 26.\u010dervna<\/strong> 2019 (st\u0159eda) v 10:00 na \u010cestn\u00e9m poh\u0159ebi\u0161ti politick\u00fdch v\u011bz\u0148\u016f III. odboje na <strong>\u010e\u00e1blick\u00e9m h\u0159bitov\u011b<\/strong> v Praze 8 (z\u0159\u00edzen\u00e9 Stanislavem Str\u00e1nsk\u00fdm)<\/p>\n\n\n\n<h2 class=\"wp-block-heading\">Program:<\/h2>\n\n\n\n<ul class=\"wp-block-list\">\n<li>Uv\u00edt\u00e1n\u00ed \u010destn\u00fdch host\u016f a zah\u00e1jen\u00ed ob\u0159adu<\/li>\n\n\n\n<li>\u00davodn\u00ed slovo JUDr. V\u00e1clava Mus\u00edlka Pietn\u00ed polo\u017een\u00ed v\u011bnc\u016f k pam\u00e1tn\u00edku Projev ofici\u00e1ln\u00edch host\u016f<\/li>\n\n\n\n<li>Spole\u010dn\u00e1 modlitba za ob\u011bti komunismu<\/li>\n\n\n\n<li>\u010cestnou str\u00e1\u017e p\u0159i pietn\u00edm aktu zabezpe\u010duje Vojensk\u00e1 pos\u00e1dka Praha spolu s Pos\u00e1dkovou hudbou Praha<\/li>\n<\/ul>\n\n\n\n<p>Pozv\u00e1nka ke sta\u017een\u00ed zde: <a href=\"https:\/\/www.politicti-vezni.cz\/wp-content\/uploads\/2023\/03\/pozvanka-dablice_2022_v2.pdf\">\u010e\u00e1blice 2019 &#8211; pozv\u00e1nka<\/a><\/p>\n\n\n\n<p>Svou \u00fa\u010dast potvr\u010fte telefonicky na \u010d\u00edsle<strong> 604 735 775 <\/strong>nebo emailem na <a href=\"mailto:info@politicti-vezni.cz\">info@politicti-vezni.cz<\/a><\/p>\n","protected":false},"excerpt":{"rendered":"<div class=\"mh-excerpt\"><p>Sdru\u017een\u00ed B\u00fdval\u00fdch politick\u00fdch v\u011bz\u0148\u016f \u010cR si V\u00e1s dovoluje pozvat na Pietn\u00ed akt ob\u011btem rud\u00e9ho teroru z let 1948 \u2013 1989. Akce se kon\u00e1 26.\u010dervna 2019 <a class=\"mh-excerpt-more\" href=\"https:\/\/www.politicti-vezni.cz\/?p=47\" title=\"\u010e\u00e1blice 2019\">[&#8230;]<\/a><\/p>\n<\/div>","protected":false},"author":1,"featured_media":5,"comment_status":"closed","ping_status":"closed","sticky":false,"template":"","format":"standard","meta":{"footnotes":""},"categories":[2],"tags":[],"class_list":["post-47","post","type-post","status-publish","format-standard","has-post-thumbnail","hentry","category-pozvanky"],"_links":{"self":[{"href":"https:\/\/www.politicti-vezni.cz\/index.php?rest_route=\/wp\/v2\/posts\/47","targetHints":{"allow":["GET"]}}],"collection":[{"href":"https:\/\/www.politicti-vezni.cz\/index.php?rest_route=\/wp\/v2\/posts"}],"about":[{"href":"https:\/\/www.politicti-vezni.cz\/index.php?rest_route=\/wp\/v2\/types\/post"}],"author":[{"embeddable":true,"href":"https:\/\/www.politicti-vezni.cz\/index.php?rest_route=\/wp\/v2\/users\/1"}],"replies":[{"embeddable":true,"href":"https:\/\/www.politicti-vezni.cz\/index.php?rest_route=%2Fwp%2Fv2%2Fcomments&post=47"}],"version-history":[{"count":1,"href":"https:\/\/www.politicti-vezni.cz\/index.php?rest_route=\/wp\/v2\/posts\/47\/revisions"}],"predecessor-version":[{"id":49,"href":"https:\/\/www.politicti-vezni.cz\/index.php?rest_route=\/wp\/v2\/posts\/47\/revisions\/49"}],"wp:featuredmedia":[{"embeddable":true,"href":"https:\/\/www.politicti-vezni.cz\/index.php?rest_route=\/wp\/v2\/media\/5"}],"wp:attachment":[{"href":"https:\/\/www.politicti-vezni.cz\/index.php?rest_route=%2Fwp%2Fv2%2Fmedia&parent=47"}],"wp:term":[{"taxonomy":"category","embeddable":true,"href":"https:\/\/www.politicti-vezni.cz\/index.php?rest_route=%2Fwp%2Fv2%2Fcategories&post=47"},{"taxonomy":"post_tag","embeddable":true,"href":"https:\/\/www.politicti-vezni.cz\/index.php?rest_route=%2Fwp%2Fv2%2Ftags&post=47"}],"curies":[{"name":"wp","href":"https:\/\/api.w.org\/{rel}","templated":true}]}}