{"id":23,"date":"2021-05-29T21:18:00","date_gmt":"2021-05-29T20:18:00","guid":{"rendered":"https:\/\/www.politicti-vezni.cz\/?p=23"},"modified":"2023-03-03T22:43:41","modified_gmt":"2023-03-03T21:43:41","slug":"pietni-shromazdeni-za-obeti-komunistickeho-rezimu-26-6-2021","status":"publish","type":"post","link":"https:\/\/www.politicti-vezni.cz\/?p=23","title":{"rendered":"Pietn\u00ed shrom\u00e1\u017ed\u011bn\u00ed za ob\u011bti komunistick\u00e9ho re\u017eimu 26.6.2021"},"content":{"rendered":"\n<p><strong>Zveme&nbsp;na pietn\u00ed shrom\u00e1\u017ed\u011bn\u00ed&nbsp;za ob\u011bti komunistick\u00e9ho re\u017eimu&nbsp;po\u0159\u00e1dan\u00e9m&nbsp;Sdru\u017een\u00edm b\u00fdval\u00fdch politick\u00fdch v\u011bz\u0148\u016f let&nbsp;1948 \u2013 1989&nbsp;a to&nbsp;dne&nbsp;26.6.2021 v 10:00h&nbsp;v are\u00e1lu h\u0159bitova \u010e\u00e1blice v Praze 8.&nbsp;<\/strong><\/p>\n\n\n\n<p>Zveme na pietn\u00ed shrom\u00e1\u017ed\u011bn\u00ed&nbsp;za ob\u011bti komunistick\u00e9ho re\u017eimupo\u0159\u00e1dan\u00e9m&nbsp;Sdru\u017een\u00edm b\u00fdval\u00fdch politick\u00fdch v\u011bz\u0148\u016f let&nbsp;1948\u20131989.&nbsp;Pietn\u00ed shrom\u00e1\u017ed\u011bn\u00ed se kon\u00e1,&nbsp;tak jako ka\u017ed\u00fd rok,&nbsp;dne&nbsp;26.6.2021&nbsp;v 10:00h&nbsp;na \u010cestn\u00e9m poh\u0159ebi\u0161ti popraven\u00fdch a umu\u010den\u00fdch politick\u00fdch v\u011bz\u0148\u016f&nbsp;a p\u0159\u00edslu\u0161n\u00edk\u016f&nbsp;II. a III. odboje v are\u00e1lu h\u0159bitova \u010e\u00e1blice v Praze 8.<\/p>\n\n\n\n<p>Pietn\u00edho shrom\u00e1\u017ed\u011bn\u00ed se \u00fa\u010dastn\u00ed z\u00e1stupci st\u00e1tn\u00edch instituc\u00ed, zastupitelsk\u00fdch \u00fa\u0159ad\u016f, magistr\u00e1tu,&nbsp;c\u00edrkv\u00ed,&nbsp;univerzit a&nbsp;politick\u00fdch v\u011bz\u0148\u016f.&nbsp;Ve\u0159ejnost je v\u00edt\u00e1na.<\/p>\n\n\n\n<p>Kontakt:&nbsp; SBPV, tel (+420) 604 735 775,&nbsp;<a href=\"mailto:info@politicti-vezni.cz\">info@politicti-vezni.cz<\/a><\/p>\n","protected":false},"excerpt":{"rendered":"<div class=\"mh-excerpt\"><p>Zveme&nbsp;na pietn\u00ed shrom\u00e1\u017ed\u011bn\u00ed&nbsp;za ob\u011bti komunistick\u00e9ho re\u017eimu&nbsp;po\u0159\u00e1dan\u00e9m&nbsp;Sdru\u017een\u00edm b\u00fdval\u00fdch politick\u00fdch v\u011bz\u0148\u016f let&nbsp;1948 \u2013 1989&nbsp;a to&nbsp;dne&nbsp;26.6.2021 v 10:00h&nbsp;v are\u00e1lu h\u0159bitova \u010e\u00e1blice v Praze 8.&nbsp; Zveme na pietn\u00ed shrom\u00e1\u017ed\u011bn\u00ed&nbsp;za <a class=\"mh-excerpt-more\" href=\"https:\/\/www.politicti-vezni.cz\/?p=23\" title=\"Pietn\u00ed shrom\u00e1\u017ed\u011bn\u00ed za ob\u011bti komunistick\u00e9ho re\u017eimu 26.6.2021\">[&#8230;]<\/a><\/p>\n<\/div>","protected":false},"author":1,"featured_media":5,"comment_status":"closed","ping_status":"closed","sticky":false,"template":"","format":"standard","meta":{"footnotes":""},"categories":[2],"tags":[],"class_list":["post-23","post","type-post","status-publish","format-standard","has-post-thumbnail","hentry","category-pozvanky"],"_links":{"self":[{"href":"https:\/\/www.politicti-vezni.cz\/index.php?rest_route=\/wp\/v2\/posts\/23","targetHints":{"allow":["GET"]}}],"collection":[{"href":"https:\/\/www.politicti-vezni.cz\/index.php?rest_route=\/wp\/v2\/posts"}],"about":[{"href":"https:\/\/www.politicti-vezni.cz\/index.php?rest_route=\/wp\/v2\/types\/post"}],"author":[{"embeddable":true,"href":"https:\/\/www.politicti-vezni.cz\/index.php?rest_route=\/wp\/v2\/users\/1"}],"replies":[{"embeddable":true,"href":"https:\/\/www.politicti-vezni.cz\/index.php?rest_route=%2Fwp%2Fv2%2Fcomments&post=23"}],"version-history":[{"count":1,"href":"https:\/\/www.politicti-vezni.cz\/index.php?rest_route=\/wp\/v2\/posts\/23\/revisions"}],"predecessor-version":[{"id":24,"href":"https:\/\/www.politicti-vezni.cz\/index.php?rest_route=\/wp\/v2\/posts\/23\/revisions\/24"}],"wp:featuredmedia":[{"embeddable":true,"href":"https:\/\/www.politicti-vezni.cz\/index.php?rest_route=\/wp\/v2\/media\/5"}],"wp:attachment":[{"href":"https:\/\/www.politicti-vezni.cz\/index.php?rest_route=%2Fwp%2Fv2%2Fmedia&parent=23"}],"wp:term":[{"taxonomy":"category","embeddable":true,"href":"https:\/\/www.politicti-vezni.cz\/index.php?rest_route=%2Fwp%2Fv2%2Fcategories&post=23"},{"taxonomy":"post_tag","embeddable":true,"href":"https:\/\/www.politicti-vezni.cz\/index.php?rest_route=%2Fwp%2Fv2%2Ftags&post=23"}],"curies":[{"name":"wp","href":"https:\/\/api.w.org\/{rel}","templated":true}]}}