{"id":211,"date":"2024-07-30T08:07:46","date_gmt":"2024-07-30T07:07:46","guid":{"rendered":"https:\/\/www.politicti-vezni.cz\/?p=211"},"modified":"2024-07-30T08:07:46","modified_gmt":"2024-07-30T07:07:46","slug":"pietni-shromazdeni-za-obeti-komunistickeho-rezimu-26-6-2024","status":"publish","type":"post","link":"https:\/\/www.politicti-vezni.cz\/?p=211","title":{"rendered":"Pietn\u00ed shrom\u00e1\u017ed\u011bn\u00ed za ob\u011bti komunistick\u00e9ho re\u017eimu 26.6.2024"},"content":{"rendered":"\n<p>Sdru\u017een\u00ed b\u00fdval\u00fdch politick\u00fdch v\u011bz\u0148\u016f 1948-1989 spole\u010dn\u011b s \u00dastavem pro studium totalitn\u00edch re\u017eim\u016f i letos uspo\u0159\u00e1dali pietn\u00ed akt ob\u011btem rud\u00e9ho teroru. Pieta, ji\u017e po jednat\u0159ic\u00e1t\u00e9, prob\u011bhla 26.6.2024 na \u010cestn\u00e9m poh\u0159ebi\u0161ti politick\u00fdch v\u011bz\u0148\u016f III. odboje na \u010e\u00e1blick\u00e9m h\u0159bitov\u011b za \u00fa\u010dasti p\u0159edstavitel\u016f vl\u00e1dy, sen\u00e1tu, zastupitelsk\u00fdch \u00fa\u0159ad\u016f, p\u0159edstavitel\u016f c\u00edrkv\u00ed, vysok\u00fdch \u0161kol, st\u00e1tn\u00ed spr\u00e1vy a politick\u00fdch v\u011bz\u0148\u016f.<\/p>\n\n\n\n<p>Po slavnostn\u00edm polo\u017een\u00ed v\u011bnc\u016f p\u0159edseda SBPV, pan Ji\u0159\u00ed L\u00ednek, ve sv\u00e9m projevu upozor\u0148oval p\u0159ed relativiza\u010dn\u00edm p\u0159\u00edstupem n\u011bkter\u00fdch historik\u016f, pan\u00ed ministryn\u011b obrany Jana \u010cernochov\u00e1 varovala p\u0159ed sni\u017eov\u00e1n\u00ed podpory Ukrajin\u011b a Dominik kardin\u00e1l Duka apeloval na mladou generaci.<\/p>\n\n\n\n<p>Jako ji\u017e tradi\u010dn\u011b pietn\u00ed akt zakon\u010dila modlitba a hymny Slovensk\u00e9 a \u010cesk\u00e9 republiky.<\/p>\n\n\n\n<figure class=\"wp-block-image size-large\"><img fetchpriority=\"high\" decoding=\"async\" width=\"1024\" height=\"683\" src=\"https:\/\/www.politicti-vezni.cz\/wp-content\/uploads\/2024\/07\/IMG-20240719-WA0009-1024x683.jpg\" alt=\"\" class=\"wp-image-215\" srcset=\"https:\/\/www.politicti-vezni.cz\/wp-content\/uploads\/2024\/07\/IMG-20240719-WA0009-1024x683.jpg 1024w, https:\/\/www.politicti-vezni.cz\/wp-content\/uploads\/2024\/07\/IMG-20240719-WA0009-300x200.jpg 300w, https:\/\/www.politicti-vezni.cz\/wp-content\/uploads\/2024\/07\/IMG-20240719-WA0009-768x512.jpg 768w, https:\/\/www.politicti-vezni.cz\/wp-content\/uploads\/2024\/07\/IMG-20240719-WA0009-1536x1024.jpg 1536w, https:\/\/www.politicti-vezni.cz\/wp-content\/uploads\/2024\/07\/IMG-20240719-WA0009.jpg 1600w\" sizes=\"(max-width: 1024px) 100vw, 1024px\" \/><\/figure>\n\n\n\n<figure class=\"wp-block-image size-large\"><img decoding=\"async\" width=\"1024\" height=\"691\" src=\"https:\/\/www.politicti-vezni.cz\/wp-content\/uploads\/2024\/07\/IMG-20240719-WA0007-1024x691.jpg\" alt=\"\" class=\"wp-image-213\" srcset=\"https:\/\/www.politicti-vezni.cz\/wp-content\/uploads\/2024\/07\/IMG-20240719-WA0007-1024x691.jpg 1024w, https:\/\/www.politicti-vezni.cz\/wp-content\/uploads\/2024\/07\/IMG-20240719-WA0007-300x202.jpg 300w, https:\/\/www.politicti-vezni.cz\/wp-content\/uploads\/2024\/07\/IMG-20240719-WA0007-768x518.jpg 768w, https:\/\/www.politicti-vezni.cz\/wp-content\/uploads\/2024\/07\/IMG-20240719-WA0007-1536x1036.jpg 1536w, https:\/\/www.politicti-vezni.cz\/wp-content\/uploads\/2024\/07\/IMG-20240719-WA0007.jpg 1600w\" sizes=\"(max-width: 1024px) 100vw, 1024px\" \/><\/figure>\n\n\n\n<figure class=\"wp-block-image size-large\"><img decoding=\"async\" width=\"1024\" height=\"683\" src=\"https:\/\/www.politicti-vezni.cz\/wp-content\/uploads\/2024\/07\/IMG-20240719-WA0005-1024x683.jpg\" alt=\"\" class=\"wp-image-217\" srcset=\"https:\/\/www.politicti-vezni.cz\/wp-content\/uploads\/2024\/07\/IMG-20240719-WA0005-1024x683.jpg 1024w, https:\/\/www.politicti-vezni.cz\/wp-content\/uploads\/2024\/07\/IMG-20240719-WA0005-300x200.jpg 300w, https:\/\/www.politicti-vezni.cz\/wp-content\/uploads\/2024\/07\/IMG-20240719-WA0005-768x512.jpg 768w, https:\/\/www.politicti-vezni.cz\/wp-content\/uploads\/2024\/07\/IMG-20240719-WA0005-1536x1024.jpg 1536w, https:\/\/www.politicti-vezni.cz\/wp-content\/uploads\/2024\/07\/IMG-20240719-WA0005.jpg 1600w\" sizes=\"(max-width: 1024px) 100vw, 1024px\" \/><\/figure>\n\n\n\n<figure class=\"wp-block-image size-large\"><img loading=\"lazy\" decoding=\"async\" width=\"1024\" height=\"683\" src=\"https:\/\/www.politicti-vezni.cz\/wp-content\/uploads\/2024\/07\/IMG-20240719-WA0004-1024x683.jpg\" alt=\"\" class=\"wp-image-216\" srcset=\"https:\/\/www.politicti-vezni.cz\/wp-content\/uploads\/2024\/07\/IMG-20240719-WA0004-1024x683.jpg 1024w, https:\/\/www.politicti-vezni.cz\/wp-content\/uploads\/2024\/07\/IMG-20240719-WA0004-300x200.jpg 300w, https:\/\/www.politicti-vezni.cz\/wp-content\/uploads\/2024\/07\/IMG-20240719-WA0004-768x512.jpg 768w, https:\/\/www.politicti-vezni.cz\/wp-content\/uploads\/2024\/07\/IMG-20240719-WA0004-1536x1024.jpg 1536w, https:\/\/www.politicti-vezni.cz\/wp-content\/uploads\/2024\/07\/IMG-20240719-WA0004.jpg 1600w\" sizes=\"(max-width: 1024px) 100vw, 1024px\" \/><\/figure>\n\n\n\n<figure class=\"wp-block-image size-large\"><img loading=\"lazy\" decoding=\"async\" width=\"1024\" height=\"698\" src=\"https:\/\/www.politicti-vezni.cz\/wp-content\/uploads\/2024\/07\/IMG-20240719-WA0006-1024x698.jpg\" alt=\"\" class=\"wp-image-212\" srcset=\"https:\/\/www.politicti-vezni.cz\/wp-content\/uploads\/2024\/07\/IMG-20240719-WA0006-1024x698.jpg 1024w, https:\/\/www.politicti-vezni.cz\/wp-content\/uploads\/2024\/07\/IMG-20240719-WA0006-300x204.jpg 300w, https:\/\/www.politicti-vezni.cz\/wp-content\/uploads\/2024\/07\/IMG-20240719-WA0006-768x523.jpg 768w, https:\/\/www.politicti-vezni.cz\/wp-content\/uploads\/2024\/07\/IMG-20240719-WA0006-1536x1046.jpg 1536w, https:\/\/www.politicti-vezni.cz\/wp-content\/uploads\/2024\/07\/IMG-20240719-WA0006.jpg 1600w\" sizes=\"(max-width: 1024px) 100vw, 1024px\" \/><\/figure>\n\n\n\n<figure class=\"wp-block-image size-large\"><img loading=\"lazy\" decoding=\"async\" width=\"1024\" height=\"683\" src=\"https:\/\/www.politicti-vezni.cz\/wp-content\/uploads\/2024\/07\/IMG-20240719-WA0008-1024x683.jpg\" alt=\"\" class=\"wp-image-214\" srcset=\"https:\/\/www.politicti-vezni.cz\/wp-content\/uploads\/2024\/07\/IMG-20240719-WA0008-1024x683.jpg 1024w, https:\/\/www.politicti-vezni.cz\/wp-content\/uploads\/2024\/07\/IMG-20240719-WA0008-300x200.jpg 300w, https:\/\/www.politicti-vezni.cz\/wp-content\/uploads\/2024\/07\/IMG-20240719-WA0008-768x512.jpg 768w, https:\/\/www.politicti-vezni.cz\/wp-content\/uploads\/2024\/07\/IMG-20240719-WA0008-1536x1024.jpg 1536w, https:\/\/www.politicti-vezni.cz\/wp-content\/uploads\/2024\/07\/IMG-20240719-WA0008.jpg 1600w\" sizes=\"(max-width: 1024px) 100vw, 1024px\" \/><\/figure>\n","protected":false},"excerpt":{"rendered":"<div class=\"mh-excerpt\"><p>Sdru\u017een\u00ed b\u00fdval\u00fdch politick\u00fdch v\u011bz\u0148\u016f 1948-1989 spole\u010dn\u011b s \u00dastavem pro studium totalitn\u00edch re\u017eim\u016f i letos uspo\u0159\u00e1dali pietn\u00ed akt ob\u011btem rud\u00e9ho teroru. Pieta, ji\u017e po jednat\u0159ic\u00e1t\u00e9, prob\u011bhla <a class=\"mh-excerpt-more\" href=\"https:\/\/www.politicti-vezni.cz\/?p=211\" title=\"Pietn\u00ed shrom\u00e1\u017ed\u011bn\u00ed za ob\u011bti komunistick\u00e9ho re\u017eimu 26.6.2024\">[&#8230;]<\/a><\/p>\n<\/div>","protected":false},"author":2,"featured_media":216,"comment_status":"closed","ping_status":"closed","sticky":false,"template":"","format":"standard","meta":{"footnotes":""},"categories":[2],"tags":[],"class_list":["post-211","post","type-post","status-publish","format-standard","has-post-thumbnail","hentry","category-pozvanky"],"_links":{"self":[{"href":"https:\/\/www.politicti-vezni.cz\/index.php?rest_route=\/wp\/v2\/posts\/211","targetHints":{"allow":["GET"]}}],"collection":[{"href":"https:\/\/www.politicti-vezni.cz\/index.php?rest_route=\/wp\/v2\/posts"}],"about":[{"href":"https:\/\/www.politicti-vezni.cz\/index.php?rest_route=\/wp\/v2\/types\/post"}],"author":[{"embeddable":true,"href":"https:\/\/www.politicti-vezni.cz\/index.php?rest_route=\/wp\/v2\/users\/2"}],"replies":[{"embeddable":true,"href":"https:\/\/www.politicti-vezni.cz\/index.php?rest_route=%2Fwp%2Fv2%2Fcomments&post=211"}],"version-history":[{"count":1,"href":"https:\/\/www.politicti-vezni.cz\/index.php?rest_route=\/wp\/v2\/posts\/211\/revisions"}],"predecessor-version":[{"id":218,"href":"https:\/\/www.politicti-vezni.cz\/index.php?rest_route=\/wp\/v2\/posts\/211\/revisions\/218"}],"wp:featuredmedia":[{"embeddable":true,"href":"https:\/\/www.politicti-vezni.cz\/index.php?rest_route=\/wp\/v2\/media\/216"}],"wp:attachment":[{"href":"https:\/\/www.politicti-vezni.cz\/index.php?rest_route=%2Fwp%2Fv2%2Fmedia&parent=211"}],"wp:term":[{"taxonomy":"category","embeddable":true,"href":"https:\/\/www.politicti-vezni.cz\/index.php?rest_route=%2Fwp%2Fv2%2Fcategories&post=211"},{"taxonomy":"post_tag","embeddable":true,"href":"https:\/\/www.politicti-vezni.cz\/index.php?rest_route=%2Fwp%2Fv2%2Ftags&post=211"}],"curies":[{"name":"wp","href":"https:\/\/api.w.org\/{rel}","templated":true}]}}