{"id":21,"date":"2022-06-01T21:16:00","date_gmt":"2022-06-01T20:16:00","guid":{"rendered":"https:\/\/www.politicti-vezni.cz\/?p=21"},"modified":"2023-03-03T22:43:15","modified_gmt":"2023-03-03T21:43:15","slug":"pietni-shromazdeni-za-obeti-komunistickeho-rezimu-26-6-2022","status":"publish","type":"post","link":"https:\/\/www.politicti-vezni.cz\/?p=21","title":{"rendered":"Pietn\u00ed shrom\u00e1\u017ed\u011bn\u00ed za ob\u011bti komunistick\u00e9ho re\u017eimu 26.6.2022"},"content":{"rendered":"\n<p><strong>Zveme&nbsp;na pietn\u00ed shrom\u00e1\u017ed\u011bn\u00ed&nbsp;za ob\u011bti komunistick\u00e9ho re\u017eimu&nbsp;po\u0159\u00e1dan\u00e9m&nbsp;Sdru\u017een\u00edm b\u00fdval\u00fdch politick\u00fdch v\u011bz\u0148\u016f (SBPV) let&nbsp;1948 \u2013 1989&nbsp;a to&nbsp;dne&nbsp;26.6.2022 v 10:00h&nbsp;v are\u00e1lu h\u0159bitova \u010e\u00e1blice v Praze 8.&nbsp;<\/strong><\/p>\n\n\n\n<p><strong>Dovolujeme si V\u00e1s pozvat na pietn\u00ed shrom\u00e1\u017ed\u011bn\u00ed <\/strong>(Pozv\u00e1nka v&nbsp;p\u0159\u00edloze), kter\u00e9 ka\u017ed\u00fd rok po\u0159\u00e1d\u00e1 Sdru\u017een\u00ed b\u00fdval\u00fdch politick\u00fdch v\u011bz\u0148\u016f (SBPV) za ob\u011bti rud\u00e9ho teroru z&nbsp;let 1948 \u2013 1989 na \u201e\u010cestn\u00e9m poh\u0159ebi\u0161ti popraven\u00fdch a umu\u010den\u00fdch politick\u00fdch v\u011bz\u0148\u016f a p\u0159\u00edslu\u0161n\u00edk\u016f druh\u00e9ho a t\u0159et\u00edho odboje\u201c na \u010e\u00e1blick\u00e9m h\u0159bitov\u011b. To bylo aktivitou na\u0161eho Sdru\u017een\u00ed prohl\u00e1\u0161eno v&nbsp;roce 2017 za N\u00e1rodn\u00ed kulturn\u00ed pam\u00e1tku. Des\u00edtiletou tradici pietn\u00edho shrom\u00e1\u017ed\u011bn\u00ed jsme zachovali v&nbsp;omezen\u00e9 m\u00ed\u0159e i v&nbsp;dob\u011b minul\u00e9 pandemie.<\/p>\n\n\n\n<p>Pietn\u00ed akt se kon\u00e1 <strong>26. \u010dervna 2022 od&nbsp;10 hodin<\/strong> na <strong>\u010cestn\u00e9m poh\u0159ebi\u0161ti<\/strong> <strong>v are\u00e1lu h\u0159bitova \u010e\u00e1blice v Praze 8.<\/strong><\/p>\n\n\n\n<p>Na \u010e\u00e1blick\u00fd h\u0159bitov se dostanete m\u011bstskou hromadnou dopravou do stanice L\u00e1dv\u00ed (metro, tramvaj) a d\u00e1le autobusov\u00fdm p\u0159ipojen\u00edm na stanici vedle vchodu do h\u0159bitova, viz. p\u0159ilo\u017een\u00e9 j\u00edzdn\u00ed \u0159\u00e1dy. Pietn\u00ed shrom\u00e1\u017ed\u011bn\u00ed se kon\u00e1 nalevo od vchodu do h\u0159bitova. Mus\u00ed se proj\u00edt okolo voj\u00e1k\u016f a v\u011bnc\u016f(\u010dern\u00e1 \u010d\u00e1ra) na m\u00edsto, kde se shroma\u017e\u010fuj\u00ed n\u00e1v\u0161t\u011bvn\u00edci (\u010derven\u011b).<\/p>\n\n\n\n<p>Spojen\u00ed stanice metra\/tramvaje L\u00e1dv\u00ed autobusem ke vchodu \u010e\u00e1blick\u00e9ho h\u0159bitova:<\/p>\n\n\n\n<figure class=\"wp-block-image size-full\"><img fetchpriority=\"high\" decoding=\"async\" width=\"574\" height=\"618\" src=\"https:\/\/www.politicti-vezni.cz\/wp-content\/uploads\/2023\/03\/obrazek-1.png\" alt=\"\" class=\"wp-image-57\" srcset=\"https:\/\/www.politicti-vezni.cz\/wp-content\/uploads\/2023\/03\/obrazek-1.png 574w, https:\/\/www.politicti-vezni.cz\/wp-content\/uploads\/2023\/03\/obrazek-1-279x300.png 279w\" sizes=\"(max-width: 574px) 100vw, 574px\" \/><\/figure>\n\n\n\n<figure class=\"wp-block-image size-full\"><img decoding=\"async\" width=\"557\" height=\"598\" src=\"https:\/\/www.politicti-vezni.cz\/wp-content\/uploads\/2023\/03\/obrazek-2.png\" alt=\"\" class=\"wp-image-58\" srcset=\"https:\/\/www.politicti-vezni.cz\/wp-content\/uploads\/2023\/03\/obrazek-2.png 557w, https:\/\/www.politicti-vezni.cz\/wp-content\/uploads\/2023\/03\/obrazek-2-279x300.png 279w\" sizes=\"(max-width: 557px) 100vw, 557px\" \/><\/figure>\n","protected":false},"excerpt":{"rendered":"<div class=\"mh-excerpt\"><p>Zveme&nbsp;na pietn\u00ed shrom\u00e1\u017ed\u011bn\u00ed&nbsp;za ob\u011bti komunistick\u00e9ho re\u017eimu&nbsp;po\u0159\u00e1dan\u00e9m&nbsp;Sdru\u017een\u00edm b\u00fdval\u00fdch politick\u00fdch v\u011bz\u0148\u016f (SBPV) let&nbsp;1948 \u2013 1989&nbsp;a to&nbsp;dne&nbsp;26.6.2022 v 10:00h&nbsp;v are\u00e1lu h\u0159bitova \u010e\u00e1blice v Praze 8.&nbsp; Dovolujeme si V\u00e1s <a class=\"mh-excerpt-more\" href=\"https:\/\/www.politicti-vezni.cz\/?p=21\" title=\"Pietn\u00ed shrom\u00e1\u017ed\u011bn\u00ed za ob\u011bti komunistick\u00e9ho re\u017eimu 26.6.2022\">[&#8230;]<\/a><\/p>\n<\/div>","protected":false},"author":1,"featured_media":6,"comment_status":"closed","ping_status":"closed","sticky":false,"template":"","format":"standard","meta":{"footnotes":""},"categories":[2],"tags":[],"class_list":["post-21","post","type-post","status-publish","format-standard","has-post-thumbnail","hentry","category-pozvanky"],"_links":{"self":[{"href":"https:\/\/www.politicti-vezni.cz\/index.php?rest_route=\/wp\/v2\/posts\/21","targetHints":{"allow":["GET"]}}],"collection":[{"href":"https:\/\/www.politicti-vezni.cz\/index.php?rest_route=\/wp\/v2\/posts"}],"about":[{"href":"https:\/\/www.politicti-vezni.cz\/index.php?rest_route=\/wp\/v2\/types\/post"}],"author":[{"embeddable":true,"href":"https:\/\/www.politicti-vezni.cz\/index.php?rest_route=\/wp\/v2\/users\/1"}],"replies":[{"embeddable":true,"href":"https:\/\/www.politicti-vezni.cz\/index.php?rest_route=%2Fwp%2Fv2%2Fcomments&post=21"}],"version-history":[{"count":2,"href":"https:\/\/www.politicti-vezni.cz\/index.php?rest_route=\/wp\/v2\/posts\/21\/revisions"}],"predecessor-version":[{"id":59,"href":"https:\/\/www.politicti-vezni.cz\/index.php?rest_route=\/wp\/v2\/posts\/21\/revisions\/59"}],"wp:featuredmedia":[{"embeddable":true,"href":"https:\/\/www.politicti-vezni.cz\/index.php?rest_route=\/wp\/v2\/media\/6"}],"wp:attachment":[{"href":"https:\/\/www.politicti-vezni.cz\/index.php?rest_route=%2Fwp%2Fv2%2Fmedia&parent=21"}],"wp:term":[{"taxonomy":"category","embeddable":true,"href":"https:\/\/www.politicti-vezni.cz\/index.php?rest_route=%2Fwp%2Fv2%2Fcategories&post=21"},{"taxonomy":"post_tag","embeddable":true,"href":"https:\/\/www.politicti-vezni.cz\/index.php?rest_route=%2Fwp%2Fv2%2Ftags&post=21"}],"curies":[{"name":"wp","href":"https:\/\/api.w.org\/{rel}","templated":true}]}}