{"id":200,"date":"2008-03-21T15:35:00","date_gmt":"2008-03-21T14:35:00","guid":{"rendered":"https:\/\/www.politicti-vezni.cz\/?p=200"},"modified":"2023-03-05T15:36:29","modified_gmt":"2023-03-05T14:36:29","slug":"jak-celit-komunisticke-propagande","status":"publish","type":"post","link":"https:\/\/www.politicti-vezni.cz\/?p=200","title":{"rendered":"Jak \u010delit komunistick\u00e9 propagand\u011b?"},"content":{"rendered":"\n<p>Letos v b\u0159eznu do\u0161lo v na\u0161\u00ed Poslaneck\u00e9 sn\u011bmovn\u011b ke st\u0159etnut\u00ed z\u00e1stupc\u016f Sen\u00e1tu s nepatrnou v\u011bt\u0161inou Sn\u011bmovny, kter\u00e9 se nakonec t\u011bsn\u011b poda\u0159ilo zam\u00edtnout sen\u00e1tn\u00ed n\u00e1vrh o z\u00e1kazu propagace komunismu.<\/p>\n\n\n\n<p>Zab\u00fdvat se vystoupen\u00edm \u0159e\u010dn\u00edk\u016f p\u0159i projedn\u00e1v\u00e1n\u00ed tohoto v\u00fdtvoru nem\u00e1 smysl, v\u00edme, jak to tam vypad\u00e1. Pobavilo mne v\u0161ak vystoupen\u00ed komunistick\u00e9ho poslance Gongola, kter\u00fd d\u011bkoval p\u0159edsedovi lidovc\u016f Kalouskovi za to, \u017ee jako jedin\u00fd z \u201epravicov\u00fdch \u201eposlanc\u016f p\u0159ipustil, \u017ee se komunist\u00e9 dostali k moci demokratick\u00fdmi prost\u0159edky. Neodva\u017euji se podez\u0159\u00edvat M. Kalouska z v\u011bdom\u00e9ho lhan\u00ed, sp\u00ed\u0161e se domn\u00edv\u00e1m, \u017ee sv\u00e9 poznatky z\u00edskal za sv\u00fdch st\u0159edo\u0161kolsk\u00fdch a vysoko\u0161kolsk\u00fdch studii, p\u0159\u00edpadn\u011b si je doplnil na politick\u00e9 \u0161kole p\u0159i \u00daV \u010cSL, a sice v obdob\u00ed bol\u0161evick\u00e9 okupace. M. Kalousek na pod\u011bkov\u00e1n\u00ed nereagoval a v rozprav\u011b u\u017e nevystoupil.<\/p>\n\n\n\n<p>O d\u016fvodu sen\u00e1tn\u00edho n\u00e1vrhu lze bohu\u017eel jen spekulovat. Jednou z mo\u017enost\u00ed je snaha odvr\u00e1tit jalov\u00fdm antikomunismem pozornost od skute\u010dnosti, \u017ee sen\u00e1to\u0159i umo\u017e\u0148uj\u00ed prezidentovi republiky jmenovat za \u00fastavn\u00ed soudce komunisty z kolaborantsk\u00e9ho k\u0159\u00eddla KS\u010c v\u010detn\u011b t\u011bch, kte\u0159\u00ed vyn\u00e1\u0161eli rozsudky v politick\u00fdch procesech.<\/p>\n\n\n\n<p>Dal\u0161\u00edm pravd\u011bpodobn\u00fdm d\u016fvodem je snaha odd\u00e1lit \u010di znemo\u017enit schv\u00e1len\u00ed n\u011bkter\u00fdch z\u00e1kon\u016f.<\/p>\n\n\n\n<p>I kdyby v\u0161ak do\u0161lo k p\u0159ijet\u00ed tohoto d\u00edla, jeho pou\u017e\u00edv\u00e1n\u00ed vzhledem ke k\u00e1drov\u00e9mu stavu v na\u0161i policii a justici by pro \u0161i\u0159itele komunistick\u00fdch my\u0161lenek neznamenalo \u017e\u00e1dn\u00e9 nebezpe\u010d\u00ed. Sp\u00ed\u0161e by z\u00e1kon mohl b\u00fdt i zneu\u017eit proti komunist\u016fm nepohodln\u00fdm osob\u00e1m.<\/p>\n\n\n\n<p>Sou\u010dastn\u00e1 KS\u010cM jako pokra\u010dovatelka KS\u010c je hodnocen\u00e1 jako strana nedemokratick\u00e1, schopna za p\u0159\u00edhodn\u00fdch okolnost\u00ed prov\u00e9st nov\u00fd pu\u010d \/ nebo se demokratick\u00fd dostat k moci a vl\u00e1dnout s pomoc\u00ed n\u011bjak\u00e9 osv\u011bd\u010den\u00e9 n\u00e1rodn\u011b frontovn\u00ed strany\/ a op\u011bt \u201ezn\u00e1rod\u0148ovat\u201c<\/p>\n\n\n\n<p>K tomuto je nutno \u0159\u00edci, \u017ee otev\u0159en\u00e1 diktatura je nemo\u017en\u00e1, i kdy\u017e mocensk\u00e9 pozice komunist\u016f jsou mnohem siln\u011bj\u0161\u00ed ne\u017e p\u0159ed \u00fanorov\u00fdm pu\u010dem. Br\u00e1ni tomu nov\u00e9 rozd\u011blen\u00ed sf\u00e9r vlivu, stru\u010dn\u011b \u0159e\u010deno: Jalta byla vyst\u0159\u00eddan\u00e1 Maltou.<br>Co se t\u00fd\u010de \u201e zn\u00e1rod\u0148ov\u00e1n\u00ed\u201c, tak zahrani\u010dn\u00ed majetek je chr\u00e1n\u011bn hrozbou p\u0159\u00edpadn\u00e9ho humanit\u00e1rn\u00edho bombardov\u00e1n\u00ed a p\u0159\u00edchodu m\u00edrov\u00fdch jednotek, pokud jde o soukrom\u00fd dom\u00e1c\u00ed majetek, ten je vlastn\u011bn p\u0159ev\u00e1\u017en\u011b b\u00fdval\u00fdmi \u010dleny KS\u010c. D\u00e1 se tedy v\u011b\u0159it komunist\u016fm, \u017ee v tomto ohledu jsou jin\u00ed ne\u017e v roce v roce 1946. M\u00e1m \u2013 li pou\u017eit jej\u00edch slovn\u00edk, tak KS\u010cM je b\u011b\u017enou bur\u017eoasn\u00ed stranou, proto\u017ee jejich prolet\u00e1\u0159sk\u00fd z\u00e1klad se p\u0159em\u011bnil na bur\u017eoasn\u00ed, a proto bude h\u00e1jit neomezen\u00e9 soukrom\u00e9 vlastnictv\u00ed.<\/p>\n\n\n\n<p>I kdy\u017e n\u00e1m tedy nehroz\u00ed komunistick\u00e9 nebezpe\u010d\u00ed v podob\u011b v jak\u00e9 je, n\u00e1m n\u011bkter\u00fdmi politick\u00fdmi podnikateli p\u0159edkl\u00e1d\u00e1no, p\u0159ece jen by na\u0161\u00edm z\u00e1konod\u00e1rc\u016fm mohlo v\u00edce z\u00e1le\u017eet na tom, aby se odstra\u0148ovaly podm\u00ednky, za nich\u017e komunistick\u00e1 hnut\u00ed rostla. Ne tak kv\u016fli zadr\u017een\u00ed samotn\u00fdch komunist\u016f, ale pro ty lidi, jich\u017e se to bezprost\u0159edn\u011b t\u00fdk\u00e1. Bylo by to na obs\u00e1hlej\u0161\u00ed text, dotknu se jen jednoho probl\u00e9mu: bydlen\u00ed. Existuje n\u00e1zor \/ hlavn\u011b zbohatl\u00edk\u016f\/, \u017ee bydlen\u00ed je v\u011bc\u00ed ka\u017ed\u00e9ho jedince, \u017ee p\u0159edev\u0161\u00edm on nese hlavn\u00ed odpov\u011bdnost za to, jak bydl\u00ed. Toto je ale v rozporu se v\u0161eobecnou deklaraci lidsk\u00fdch pr\u00e1v \/ VS1948 \/a Mezin\u00e1rodn\u00edm paktem o hospod\u00e1\u0159sk\u00fdch, soci\u00e1ln\u00edch a kulturn\u00edch pr\u00e1vech \/ VS OSN 1966 \/, kde se \u0159\u00edk\u00e1, \u017ee mezi soci\u00e1ln\u00ed pr\u00e1va pat\u0159\u00ed \u0161atstvo, bydlen\u00ed, l\u00e9ka\u0159sk\u00e1 p\u00e9\u010de a nezbytn\u00e9 soci\u00e1ln\u00ed slu\u017eby. Listina z\u00e1kladn\u00edch pr\u00e1v a svobod, je\u017e je sou\u010d\u00e1st\u00ed na\u0161i \u00fastavy, se takov\u00fdm podrobnostem, jako je t\u0159eba bydlen\u00ed cudn\u011b vyh\u00fdb\u00e1.<br>Tak\u017ee rostouc\u00ed po\u010det bezdomovc\u016f, lichv\u00e1\u0159sk\u00e9 ceny byt\u016f, katastrof\u00e1ln\u00ed pokles bytov\u00e9 v\u00fdstavby proti bol\u0161evick\u00e9mu obdob\u00ed, to by mohla b\u00fdt vhodn\u00e1 t\u00e9mata k \u0159e\u0161en\u00ed na\u0161imi \u201eantikomunisty\u201e.<\/p>\n\n\n\n<p>Rudolf K\u0159\u00ed\u017e<\/p>\n","protected":false},"excerpt":{"rendered":"<div class=\"mh-excerpt\"><p>Letos v b\u0159eznu do\u0161lo v na\u0161\u00ed Poslaneck\u00e9 sn\u011bmovn\u011b ke st\u0159etnut\u00ed z\u00e1stupc\u016f Sen\u00e1tu s nepatrnou v\u011bt\u0161inou Sn\u011bmovny, kter\u00e9 se nakonec t\u011bsn\u011b poda\u0159ilo zam\u00edtnout sen\u00e1tn\u00ed n\u00e1vrh o <a class=\"mh-excerpt-more\" href=\"https:\/\/www.politicti-vezni.cz\/?p=200\" title=\"Jak \u010delit komunistick\u00e9 propagand\u011b?\">[&#8230;]<\/a><\/p>\n<\/div>","protected":false},"author":1,"featured_media":34,"comment_status":"closed","ping_status":"closed","sticky":false,"template":"","format":"standard","meta":{"footnotes":""},"categories":[3],"tags":[],"class_list":["post-200","post","type-post","status-publish","format-standard","has-post-thumbnail","hentry","category-nazory"],"_links":{"self":[{"href":"https:\/\/www.politicti-vezni.cz\/index.php?rest_route=\/wp\/v2\/posts\/200","targetHints":{"allow":["GET"]}}],"collection":[{"href":"https:\/\/www.politicti-vezni.cz\/index.php?rest_route=\/wp\/v2\/posts"}],"about":[{"href":"https:\/\/www.politicti-vezni.cz\/index.php?rest_route=\/wp\/v2\/types\/post"}],"author":[{"embeddable":true,"href":"https:\/\/www.politicti-vezni.cz\/index.php?rest_route=\/wp\/v2\/users\/1"}],"replies":[{"embeddable":true,"href":"https:\/\/www.politicti-vezni.cz\/index.php?rest_route=%2Fwp%2Fv2%2Fcomments&post=200"}],"version-history":[{"count":1,"href":"https:\/\/www.politicti-vezni.cz\/index.php?rest_route=\/wp\/v2\/posts\/200\/revisions"}],"predecessor-version":[{"id":201,"href":"https:\/\/www.politicti-vezni.cz\/index.php?rest_route=\/wp\/v2\/posts\/200\/revisions\/201"}],"wp:featuredmedia":[{"embeddable":true,"href":"https:\/\/www.politicti-vezni.cz\/index.php?rest_route=\/wp\/v2\/media\/34"}],"wp:attachment":[{"href":"https:\/\/www.politicti-vezni.cz\/index.php?rest_route=%2Fwp%2Fv2%2Fmedia&parent=200"}],"wp:term":[{"taxonomy":"category","embeddable":true,"href":"https:\/\/www.politicti-vezni.cz\/index.php?rest_route=%2Fwp%2Fv2%2Fcategories&post=200"},{"taxonomy":"post_tag","embeddable":true,"href":"https:\/\/www.politicti-vezni.cz\/index.php?rest_route=%2Fwp%2Fv2%2Ftags&post=200"}],"curies":[{"name":"wp","href":"https:\/\/api.w.org\/{rel}","templated":true}]}}