{"id":197,"date":"2008-08-28T15:32:00","date_gmt":"2008-08-28T14:32:00","guid":{"rendered":"https:\/\/www.politicti-vezni.cz\/?p=197"},"modified":"2023-03-05T15:35:18","modified_gmt":"2023-03-05T14:35:18","slug":"srpnova-noc-1968-zaznam-poradu-vysilanem-21-8-na-ct1","status":"publish","type":"post","link":"https:\/\/www.politicti-vezni.cz\/?p=197","title":{"rendered":"Srpnov\u00e1 noc 1968 \u2013 z\u00e1znam po\u0159adu vys\u00edlan\u00e9m 21.8 na CT1"},"content":{"rendered":"\n<p>Dne 21.8.2008 se pan Stanislav Str\u00e1nsk\u00fd z\u016f\u010dastnil jako host v po\u0159adu Srpnov\u00e1 noc 1968 uv\u00e1d\u011bn\u00fd Michalem Prokopem. Na n\u00ed\u017ee uveden\u00e9m linku si m\u016f\u017eete p\u0159ehr\u00e1t z\u00e1znam. <\/p>\n\n\n\n<p>http:\/\/www.ceskatelevize.cz\/program\/srpen\/?index=130697<\/p>\n","protected":false},"excerpt":{"rendered":"<div class=\"mh-excerpt\"><p>Dne 21.8.2008 se pan Stanislav Str\u00e1nsk\u00fd z\u016f\u010dastnil jako host v po\u0159adu Srpnov\u00e1 noc 1968 uv\u00e1d\u011bn\u00fd Michalem Prokopem. Na n\u00ed\u017ee uveden\u00e9m linku si m\u016f\u017eete p\u0159ehr\u00e1t z\u00e1znam. <a class=\"mh-excerpt-more\" href=\"https:\/\/www.politicti-vezni.cz\/?p=197\" title=\"Srpnov\u00e1 noc 1968 \u2013 z\u00e1znam po\u0159adu vys\u00edlan\u00e9m 21.8 na CT1\">[&#8230;]<\/a><\/p>\n<\/div>","protected":false},"author":1,"featured_media":198,"comment_status":"closed","ping_status":"closed","sticky":false,"template":"","format":"standard","meta":{"footnotes":""},"categories":[1],"tags":[],"class_list":["post-197","post","type-post","status-publish","format-standard","has-post-thumbnail","hentry","category-reportaz"],"_links":{"self":[{"href":"https:\/\/www.politicti-vezni.cz\/index.php?rest_route=\/wp\/v2\/posts\/197","targetHints":{"allow":["GET"]}}],"collection":[{"href":"https:\/\/www.politicti-vezni.cz\/index.php?rest_route=\/wp\/v2\/posts"}],"about":[{"href":"https:\/\/www.politicti-vezni.cz\/index.php?rest_route=\/wp\/v2\/types\/post"}],"author":[{"embeddable":true,"href":"https:\/\/www.politicti-vezni.cz\/index.php?rest_route=\/wp\/v2\/users\/1"}],"replies":[{"embeddable":true,"href":"https:\/\/www.politicti-vezni.cz\/index.php?rest_route=%2Fwp%2Fv2%2Fcomments&post=197"}],"version-history":[{"count":1,"href":"https:\/\/www.politicti-vezni.cz\/index.php?rest_route=\/wp\/v2\/posts\/197\/revisions"}],"predecessor-version":[{"id":199,"href":"https:\/\/www.politicti-vezni.cz\/index.php?rest_route=\/wp\/v2\/posts\/197\/revisions\/199"}],"wp:featuredmedia":[{"embeddable":true,"href":"https:\/\/www.politicti-vezni.cz\/index.php?rest_route=\/wp\/v2\/media\/198"}],"wp:attachment":[{"href":"https:\/\/www.politicti-vezni.cz\/index.php?rest_route=%2Fwp%2Fv2%2Fmedia&parent=197"}],"wp:term":[{"taxonomy":"category","embeddable":true,"href":"https:\/\/www.politicti-vezni.cz\/index.php?rest_route=%2Fwp%2Fv2%2Fcategories&post=197"},{"taxonomy":"post_tag","embeddable":true,"href":"https:\/\/www.politicti-vezni.cz\/index.php?rest_route=%2Fwp%2Fv2%2Ftags&post=197"}],"curies":[{"name":"wp","href":"https:\/\/api.w.org\/{rel}","templated":true}]}}