{"id":194,"date":"2012-03-01T15:27:00","date_gmt":"2012-03-01T14:27:00","guid":{"rendered":"https:\/\/www.politicti-vezni.cz\/?p=194"},"modified":"2023-03-05T15:28:43","modified_gmt":"2023-03-05T14:28:43","slug":"tiskova-zprava-sdruzeni-byvalych-politickych-veznu-sbpv0838","status":"publish","type":"post","link":"https:\/\/www.politicti-vezni.cz\/?p=194","title":{"rendered":"Tiskov\u00e1 zpr\u00e1va Sdru\u017een\u00ed b\u00fdval\u00fdch politick\u00fdch v\u011bz\u0148\u016f \u2013 SBPV0838"},"content":{"rendered":"\n<p>Posledn\u00ed rozlou\u010den\u00ed se Stanislavem Str\u00e1nsk\u00fdm (1922 \u2013 2012), b\u00fdval\u00fdm politick\u00fdm v\u011bzn\u011bm komunistick\u00e9ho re\u017eimu, nositelem st\u00e1tn\u00edho vyznamen\u00e1n\u00ed Medaile Za z\u00e1sluhy, se kon\u00e1 ve \u010dtvrtek 1. b\u0159ezna 2012 ve 13:00 ve velk\u00e9 ob\u0159adn\u00ed s\u00edni Krematoria Stra\u0161nice.&nbsp;<\/p>\n\n\n\n<p>Se zesnul\u00fdm p\u0159edsedou na\u0161eho sdru\u017een\u00ed se p\u0159ijde rozlou\u010dit jeho rodina, p\u0159\u00e1tel\u00e9, z\u00e1stupci obou komor Parlamentu \u010cesk\u00e9 republiky a dal\u0161\u00edch st\u00e1tn\u00edch instituc\u00ed.<\/p>\n\n\n\n<p>Smute\u010dn\u00ed akt prob\u011bhne s&nbsp;vojensk\u00fdmi poctami za \u00fa\u010dasti&nbsp;Jednotky \u010cestn\u00e9 str\u00e1\u017ee Pos\u00e1dkov\u00e9ho velitelstv\u00ed Praha Arm\u00e1dy \u010cesk\u00e9 republiky.<\/p>\n\n\n\n<p>Stanislav Str\u00e1nsk\u00fd se zasazoval o prosazov\u00e1n\u00ed pr\u00e1v b\u00fdval\u00fdch politick\u00fdch v\u011bz\u0148\u016f, byl spoluzakladatelem K&nbsp;231, Konfederace politick\u00fdch v\u011bz\u0148\u016f, zalo\u017eil Sdru\u017een\u00ed b\u00fdval\u00fdch politick\u00fdch v\u011bz\u0148\u016f, vybudoval \u010cestn\u00e9 poh\u0159ebi\u0161t\u011b popraven\u00fdch a umu\u010den\u00fdch v&nbsp;Praze \u2013 \u010e\u00e1blic\u00edch a organizoval zde vzpom\u00ednky na b\u00fdval\u00e9 politick\u00e9 v\u011bzn\u011b .Praha, 28. \u00fanora 2012<\/p>\n","protected":false},"excerpt":{"rendered":"<div class=\"mh-excerpt\"><p>Posledn\u00ed rozlou\u010den\u00ed se Stanislavem Str\u00e1nsk\u00fdm (1922 \u2013 2012), b\u00fdval\u00fdm politick\u00fdm v\u011bzn\u011bm komunistick\u00e9ho re\u017eimu, nositelem st\u00e1tn\u00edho vyznamen\u00e1n\u00ed Medaile Za z\u00e1sluhy, se kon\u00e1 ve \u010dtvrtek 1. b\u0159ezna <a class=\"mh-excerpt-more\" href=\"https:\/\/www.politicti-vezni.cz\/?p=194\" title=\"Tiskov\u00e1 zpr\u00e1va Sdru\u017een\u00ed b\u00fdval\u00fdch politick\u00fdch v\u011bz\u0148\u016f \u2013 SBPV0838\">[&#8230;]<\/a><\/p>\n<\/div>","protected":false},"author":1,"featured_media":195,"comment_status":"closed","ping_status":"closed","sticky":false,"template":"","format":"standard","meta":{"footnotes":""},"categories":[3],"tags":[],"class_list":["post-194","post","type-post","status-publish","format-standard","has-post-thumbnail","hentry","category-nazory"],"_links":{"self":[{"href":"https:\/\/www.politicti-vezni.cz\/index.php?rest_route=\/wp\/v2\/posts\/194","targetHints":{"allow":["GET"]}}],"collection":[{"href":"https:\/\/www.politicti-vezni.cz\/index.php?rest_route=\/wp\/v2\/posts"}],"about":[{"href":"https:\/\/www.politicti-vezni.cz\/index.php?rest_route=\/wp\/v2\/types\/post"}],"author":[{"embeddable":true,"href":"https:\/\/www.politicti-vezni.cz\/index.php?rest_route=\/wp\/v2\/users\/1"}],"replies":[{"embeddable":true,"href":"https:\/\/www.politicti-vezni.cz\/index.php?rest_route=%2Fwp%2Fv2%2Fcomments&post=194"}],"version-history":[{"count":1,"href":"https:\/\/www.politicti-vezni.cz\/index.php?rest_route=\/wp\/v2\/posts\/194\/revisions"}],"predecessor-version":[{"id":196,"href":"https:\/\/www.politicti-vezni.cz\/index.php?rest_route=\/wp\/v2\/posts\/194\/revisions\/196"}],"wp:featuredmedia":[{"embeddable":true,"href":"https:\/\/www.politicti-vezni.cz\/index.php?rest_route=\/wp\/v2\/media\/195"}],"wp:attachment":[{"href":"https:\/\/www.politicti-vezni.cz\/index.php?rest_route=%2Fwp%2Fv2%2Fmedia&parent=194"}],"wp:term":[{"taxonomy":"category","embeddable":true,"href":"https:\/\/www.politicti-vezni.cz\/index.php?rest_route=%2Fwp%2Fv2%2Fcategories&post=194"},{"taxonomy":"post_tag","embeddable":true,"href":"https:\/\/www.politicti-vezni.cz\/index.php?rest_route=%2Fwp%2Fv2%2Ftags&post=194"}],"curies":[{"name":"wp","href":"https:\/\/api.w.org\/{rel}","templated":true}]}}