{"id":192,"date":"2012-05-05T15:26:00","date_gmt":"2012-05-05T14:26:00","guid":{"rendered":"https:\/\/www.politicti-vezni.cz\/?p=192"},"modified":"2023-03-05T15:27:13","modified_gmt":"2023-03-05T14:27:13","slug":"tiskova-zprava-praha-19-04-2012-politicti-vezni-maji-nove-vedeni","status":"publish","type":"post","link":"https:\/\/www.politicti-vezni.cz\/?p=192","title":{"rendered":"Tiskov\u00e1 zpr\u00e1va, Praha 19\/04\/2012 \u2013 Politi\u010dt\u00ed v\u011bzni maj\u00ed nov\u00e9 veden\u00ed"},"content":{"rendered":"\n<p>Sdru\u017een\u00ed b\u00fdval\u00fdch politick\u00fdch v\u011bz\u0148\u016f 1948 -1989 (SBPV), jedna z organizac\u00ed, kter\u00e1 sdru\u017euje politick\u00e9 v\u011bzn\u011b komunistick\u00e9ho re\u017eimu, si po \u00famrt\u00ed dosavadn\u00edho p\u0159edsedy, Stanislava Str\u00e1nsk\u00e9ho, zvolila nov\u00e9 veden\u00ed. Stalo se tak na celost\u00e1tn\u00edm sjezdu t\u00e9to organizace ve st\u0159edu 18. dubna v pra\u017esk\u00e9m hotelu Alwyn.<\/p>\n\n\n\n<p>Nov\u00fdm p\u0159edsedou byl zvolen Ladislav Bergmann, kter\u00fd dosud zast\u00e1val funkci tajemn\u00edka. Statut\u00e1rn\u00ed z\u00e1stupkyn\u00ed se pak stala Nad\u011b\u017eda Vikov\u00e1. Krom\u011b toho byl tak\u00e9 vybr\u00e1n kandid\u00e1t, kter\u00e9ho SBPV doporu\u010duje za \u010dlena Etick\u00e9 komise, kter\u00e1 se bude zab\u00fdvat odvol\u00e1n\u00edmi proti zam\u00edtav\u00fdm stanovisk\u016fm k \u017e\u00e1dostem o uzn\u00e1n\u00ed \u00fa\u010dasti v protikomunistick\u00e9m odboji. Kandid\u00e1tem se stal Miloslav Dvo\u0159\u00e1k z Liberce. Nyn\u00ed z\u00e1le\u017e\u00ed na vl\u00e1d\u011b \u010cesk\u00e9 republiky, zda tohoto kandid\u00e1ta potvrd\u00ed.<\/p>\n\n\n\n<p>SBPV p\u0159ijalo \u00fakoly do budoucna. P\u0159edev\u0161\u00edm je to p\u00e9\u010de o \u010cestn\u00e9 poh\u0159ebi\u0161t\u011b v\u011bz\u0148\u016f III. odboje v Praze \u2013 \u010e\u00e1blic\u00edch, kter\u00e9 zalo\u017eil a vybudoval Stanislav Str\u00e1nsk\u00fd. Nab\u00edz\u00ed tak\u00e9 sou\u010dinnost p\u0159i posuzov\u00e1n\u00ed \u017e\u00e1dost\u00ed o uzn\u00e1n\u00ed odboje, kter\u00e9 vy\u0159izuje Ministerstvo obrany. Jako vizi si sdru\u017een\u00ed vytklo p\u0159ed\u00e1v\u00e1n\u00ed odkazu politick\u00fdch v\u011bz\u0148\u016f pro dal\u0161\u00ed generace, mimo jin\u00e9 i nab\u00eddkou spolupr\u00e1ce pro studenty historie \u010di pr\u00e1v, kte\u0159\u00ed se zb\u00fdvaj\u00ed obdob\u00edm komunistick\u00e9 totality. Sjezd proto tak\u00e9 p\u0159ijal \u00fapravu Stanov, kdy se z SBPV st\u00e1v\u00e1 otev\u0159en\u00e1 spole\u010densk\u00e1 organizace a jej\u00edmi \u010dleny se nyn\u00ed mohou st\u00e1t i p\u0159\u00edznivci SBPV, kte\u0159\u00ed o danou problematiku maj\u00ed z\u00e1jem.<\/p>\n","protected":false},"excerpt":{"rendered":"<div class=\"mh-excerpt\"><p>Sdru\u017een\u00ed b\u00fdval\u00fdch politick\u00fdch v\u011bz\u0148\u016f 1948 -1989 (SBPV), jedna z organizac\u00ed, kter\u00e1 sdru\u017euje politick\u00e9 v\u011bzn\u011b komunistick\u00e9ho re\u017eimu, si po \u00famrt\u00ed dosavadn\u00edho p\u0159edsedy, Stanislava Str\u00e1nsk\u00e9ho, zvolila nov\u00e9 <a class=\"mh-excerpt-more\" href=\"https:\/\/www.politicti-vezni.cz\/?p=192\" title=\"Tiskov\u00e1 zpr\u00e1va, Praha 19\/04\/2012 \u2013 Politi\u010dt\u00ed v\u011bzni maj\u00ed nov\u00e9 veden\u00ed\">[&#8230;]<\/a><\/p>\n<\/div>","protected":false},"author":1,"featured_media":34,"comment_status":"closed","ping_status":"closed","sticky":false,"template":"","format":"standard","meta":{"footnotes":""},"categories":[3],"tags":[],"class_list":["post-192","post","type-post","status-publish","format-standard","has-post-thumbnail","hentry","category-nazory"],"_links":{"self":[{"href":"https:\/\/www.politicti-vezni.cz\/index.php?rest_route=\/wp\/v2\/posts\/192","targetHints":{"allow":["GET"]}}],"collection":[{"href":"https:\/\/www.politicti-vezni.cz\/index.php?rest_route=\/wp\/v2\/posts"}],"about":[{"href":"https:\/\/www.politicti-vezni.cz\/index.php?rest_route=\/wp\/v2\/types\/post"}],"author":[{"embeddable":true,"href":"https:\/\/www.politicti-vezni.cz\/index.php?rest_route=\/wp\/v2\/users\/1"}],"replies":[{"embeddable":true,"href":"https:\/\/www.politicti-vezni.cz\/index.php?rest_route=%2Fwp%2Fv2%2Fcomments&post=192"}],"version-history":[{"count":1,"href":"https:\/\/www.politicti-vezni.cz\/index.php?rest_route=\/wp\/v2\/posts\/192\/revisions"}],"predecessor-version":[{"id":193,"href":"https:\/\/www.politicti-vezni.cz\/index.php?rest_route=\/wp\/v2\/posts\/192\/revisions\/193"}],"wp:featuredmedia":[{"embeddable":true,"href":"https:\/\/www.politicti-vezni.cz\/index.php?rest_route=\/wp\/v2\/media\/34"}],"wp:attachment":[{"href":"https:\/\/www.politicti-vezni.cz\/index.php?rest_route=%2Fwp%2Fv2%2Fmedia&parent=192"}],"wp:term":[{"taxonomy":"category","embeddable":true,"href":"https:\/\/www.politicti-vezni.cz\/index.php?rest_route=%2Fwp%2Fv2%2Fcategories&post=192"},{"taxonomy":"post_tag","embeddable":true,"href":"https:\/\/www.politicti-vezni.cz\/index.php?rest_route=%2Fwp%2Fv2%2Ftags&post=192"}],"curies":[{"name":"wp","href":"https:\/\/api.w.org\/{rel}","templated":true}]}}