{"id":179,"date":"2012-05-24T15:19:00","date_gmt":"2012-05-24T14:19:00","guid":{"rendered":"https:\/\/www.politicti-vezni.cz\/?p=179"},"modified":"2023-03-05T15:24:16","modified_gmt":"2023-03-05T14:24:16","slug":"pozvanka-na-pietni-akt-obetem-rudeho-teroru-z-let-1948-1989-na-cestnem-pohrebisti-v-praze-dablicich","status":"publish","type":"post","link":"https:\/\/www.politicti-vezni.cz\/?p=179","title":{"rendered":"Pozv\u00e1nka na Pietn\u00ed akt Ob\u011btem rud\u00e9ho teroru z let 1948 \u2013 1989 na \u010cestn\u00e9m poh\u0159ebi\u0161ti v Praze \u010e\u00e1blic\u00edch"},"content":{"rendered":"\t\t<div data-elementor-type=\"wp-post\" data-elementor-id=\"179\" class=\"elementor elementor-179\" data-elementor-settings=\"{&quot;ha_cmc_init_switcher&quot;:&quot;no&quot;}\">\n\t\t\t\t\t\t<section class=\"elementor-section elementor-top-section elementor-element elementor-element-780481ce elementor-section-boxed elementor-section-height-default elementor-section-height-default\" data-id=\"780481ce\" data-element_type=\"section\" data-e-type=\"section\" data-settings=\"{&quot;_ha_eqh_enable&quot;:false}\">\n\t\t\t\t\t\t<div class=\"elementor-container elementor-column-gap-default\">\n\t\t\t\t\t<div class=\"elementor-column elementor-col-100 elementor-top-column elementor-element elementor-element-6fb382fd\" data-id=\"6fb382fd\" data-element_type=\"column\" data-e-type=\"column\">\n\t\t\t<div class=\"elementor-widget-wrap elementor-element-populated\">\n\t\t\t\t\t\t<div class=\"elementor-element elementor-element-765a275d elementor-widget elementor-widget-text-editor\" data-id=\"765a275d\" data-element_type=\"widget\" data-e-type=\"widget\" data-widget_type=\"text-editor.default\">\n\t\t\t\t<div class=\"elementor-widget-container\">\n\t\t\t\t\t\t\t\t\t\n<p>Sdru\u017een\u00ed B\u00fdval\u00fdch politick\u00fdch v\u011bz\u0148\u016f \u010cR&nbsp;si V\u00e1s dovoluje pozvat na&nbsp;Pietn\u00ed akt Ob\u011btem rud\u00e9ho teroru z let 1948 \u2013 1989.<\/p>\n\n\n\n<p>Pietn\u00ed akt se bude konat dne 26. \u010dervna 2012 (\u00fater\u00fd) v 10:00 na \u010destn\u00e9m poh\u0159ebi\u0161t\u011b politick\u00fdch v\u011bz\u0148\u016f III. odboje na \u010e\u00e1blick\u00e9m h\u0159bitov\u011b v Praze 8&nbsp;z\u0159\u00edzen\u00e9 Stanislavem Str\u00e1nsk\u00fdm<\/p>\n\n\n\n<h2 class=\"wp-block-heading\">Program<\/h2>\n\n\n\n<ul class=\"wp-block-list\">\n<li>Uv\u00edt\u00e1n\u00ed \u010destn\u00fdch host\u016f a zah\u00e1jen\u00ed ob\u0159adu<\/li>\n\n\n\n<li>\u00davodn\u00ed slovo JUDr. V\u00e1clava Mus\u00edlka<\/li>\n\n\n\n<li>Pietn\u00ed polo\u017een\u00ed v\u011bnc\u016f k pam\u00e1tn\u00edku<\/li>\n\n\n\n<li>Projev ofici\u00e1ln\u00edch host\u016f<\/li>\n\n\n\n<li>Spole\u010dn\u00e1 modlitba za ob\u011bti komunismu<\/li>\n<\/ul>\n\n\n\n<p>Cestnou str\u00e1\u017e pri pietn\u00edm aktu zabezpe\u010duje Vojensk\u00e1 pos\u00e1dka Praha spolu s pos\u00e1dkovou hudbou Praha<\/p>\n\n\n\n<p>Svou \u00fa\u010dast potvr\u010fte telefonicky na \u010d\u00edsle 222 323 816 nebo emailem na info@politicti-vezni.cz<\/p>\n\n\n\n<h2 class=\"wp-block-heading\">Fotografie z p\u0159edchoz\u00edch akc\u00ed<\/h2>\n\t\t\t\t\t\t\t\t<\/div>\n\t\t\t\t<\/div>\n\t\t\t\t\t<\/div>\n\t\t<\/div>\n\t\t\t\t\t<\/div>\n\t\t<\/section>\n\t\t\t\t<section class=\"elementor-section elementor-top-section elementor-element elementor-element-33bcfd8 elementor-section-boxed elementor-section-height-default elementor-section-height-default\" data-id=\"33bcfd8\" data-element_type=\"section\" data-e-type=\"section\" data-settings=\"{&quot;_ha_eqh_enable&quot;:false}\">\n\t\t\t\t\t\t<div class=\"elementor-container elementor-column-gap-default\">\n\t\t\t\t\t<div class=\"elementor-column elementor-col-50 elementor-top-column elementor-element elementor-element-7c01ea7\" data-id=\"7c01ea7\" data-element_type=\"column\" data-e-type=\"column\">\n\t\t\t<div class=\"elementor-widget-wrap elementor-element-populated\">\n\t\t\t\t\t\t<div class=\"elementor-element elementor-element-7ffc1af elementor-widget elementor-widget-image\" data-id=\"7ffc1af\" data-element_type=\"widget\" data-e-type=\"widget\" data-widget_type=\"image.default\">\n\t\t\t\t<div class=\"elementor-widget-container\">\n\t\t\t\t\t\t\t\t\t\t\t\t\t\t\t<img fetchpriority=\"high\" decoding=\"async\" width=\"750\" height=\"563\" src=\"https:\/\/www.politicti-vezni.cz\/wp-content\/uploads\/2012\/05\/dablice-2007-032a.jpg\" class=\"attachment-large size-large wp-image-184\" alt=\"\" srcset=\"https:\/\/www.politicti-vezni.cz\/wp-content\/uploads\/2012\/05\/dablice-2007-032a.jpg 750w, https:\/\/www.politicti-vezni.cz\/wp-content\/uploads\/2012\/05\/dablice-2007-032a-300x225.jpg 300w, https:\/\/www.politicti-vezni.cz\/wp-content\/uploads\/2012\/05\/dablice-2007-032a-678x509.jpg 678w, https:\/\/www.politicti-vezni.cz\/wp-content\/uploads\/2012\/05\/dablice-2007-032a-326x245.jpg 326w, https:\/\/www.politicti-vezni.cz\/wp-content\/uploads\/2012\/05\/dablice-2007-032a-80x60.jpg 80w\" sizes=\"(max-width: 750px) 100vw, 750px\" \/>\t\t\t\t\t\t\t\t\t\t\t\t\t\t\t<\/div>\n\t\t\t\t<\/div>\n\t\t\t\t\t<\/div>\n\t\t<\/div>\n\t\t\t\t<div class=\"elementor-column elementor-col-50 elementor-top-column elementor-element elementor-element-6983050\" data-id=\"6983050\" data-element_type=\"column\" data-e-type=\"column\">\n\t\t\t<div class=\"elementor-widget-wrap elementor-element-populated\">\n\t\t\t\t\t\t<div class=\"elementor-element elementor-element-d9ba113 elementor-widget elementor-widget-image\" data-id=\"d9ba113\" data-element_type=\"widget\" data-e-type=\"widget\" data-widget_type=\"image.default\">\n\t\t\t\t<div class=\"elementor-widget-container\">\n\t\t\t\t\t\t\t\t\t\t\t\t\t\t\t<img decoding=\"async\" width=\"750\" height=\"563\" src=\"https:\/\/www.politicti-vezni.cz\/wp-content\/uploads\/2012\/05\/dablice-2007-175.jpg\" class=\"attachment-large size-large wp-image-187\" alt=\"\" srcset=\"https:\/\/www.politicti-vezni.cz\/wp-content\/uploads\/2012\/05\/dablice-2007-175.jpg 750w, https:\/\/www.politicti-vezni.cz\/wp-content\/uploads\/2012\/05\/dablice-2007-175-300x225.jpg 300w, https:\/\/www.politicti-vezni.cz\/wp-content\/uploads\/2012\/05\/dablice-2007-175-678x509.jpg 678w, https:\/\/www.politicti-vezni.cz\/wp-content\/uploads\/2012\/05\/dablice-2007-175-326x245.jpg 326w, https:\/\/www.politicti-vezni.cz\/wp-content\/uploads\/2012\/05\/dablice-2007-175-80x60.jpg 80w\" sizes=\"(max-width: 750px) 100vw, 750px\" \/>\t\t\t\t\t\t\t\t\t\t\t\t\t\t\t<\/div>\n\t\t\t\t<\/div>\n\t\t\t\t\t<\/div>\n\t\t<\/div>\n\t\t\t\t\t<\/div>\n\t\t<\/section>\n\t\t\t\t<section class=\"elementor-section elementor-top-section elementor-element elementor-element-2c8d3e0 elementor-section-boxed elementor-section-height-default elementor-section-height-default\" data-id=\"2c8d3e0\" data-element_type=\"section\" data-e-type=\"section\" data-settings=\"{&quot;_ha_eqh_enable&quot;:false}\">\n\t\t\t\t\t\t<div class=\"elementor-container elementor-column-gap-default\">\n\t\t\t\t\t<div class=\"elementor-column elementor-col-50 elementor-top-column elementor-element elementor-element-7be43a0\" data-id=\"7be43a0\" data-element_type=\"column\" data-e-type=\"column\">\n\t\t\t<div class=\"elementor-widget-wrap elementor-element-populated\">\n\t\t\t\t\t\t<div class=\"elementor-element elementor-element-8a3ced8 elementor-widget elementor-widget-image\" data-id=\"8a3ced8\" data-element_type=\"widget\" data-e-type=\"widget\" data-widget_type=\"image.default\">\n\t\t\t\t<div class=\"elementor-widget-container\">\n\t\t\t\t\t\t\t\t\t\t\t\t\t\t\t<img decoding=\"async\" width=\"750\" height=\"563\" src=\"https:\/\/www.politicti-vezni.cz\/wp-content\/uploads\/2012\/05\/pankrac-kveten-2006-300.jpg\" class=\"attachment-large size-large wp-image-186\" alt=\"\" srcset=\"https:\/\/www.politicti-vezni.cz\/wp-content\/uploads\/2012\/05\/pankrac-kveten-2006-300.jpg 750w, https:\/\/www.politicti-vezni.cz\/wp-content\/uploads\/2012\/05\/pankrac-kveten-2006-300-300x225.jpg 300w, https:\/\/www.politicti-vezni.cz\/wp-content\/uploads\/2012\/05\/pankrac-kveten-2006-300-678x509.jpg 678w, https:\/\/www.politicti-vezni.cz\/wp-content\/uploads\/2012\/05\/pankrac-kveten-2006-300-326x245.jpg 326w, https:\/\/www.politicti-vezni.cz\/wp-content\/uploads\/2012\/05\/pankrac-kveten-2006-300-80x60.jpg 80w\" sizes=\"(max-width: 750px) 100vw, 750px\" \/>\t\t\t\t\t\t\t\t\t\t\t\t\t\t\t<\/div>\n\t\t\t\t<\/div>\n\t\t\t\t\t<\/div>\n\t\t<\/div>\n\t\t\t\t<div class=\"elementor-column elementor-col-50 elementor-top-column elementor-element elementor-element-d2eff75\" data-id=\"d2eff75\" data-element_type=\"column\" data-e-type=\"column\">\n\t\t\t<div class=\"elementor-widget-wrap elementor-element-populated\">\n\t\t\t\t\t\t<div class=\"elementor-element elementor-element-25c83f1 elementor-widget elementor-widget-image\" data-id=\"25c83f1\" data-element_type=\"widget\" data-e-type=\"widget\" data-widget_type=\"image.default\">\n\t\t\t\t<div class=\"elementor-widget-container\">\n\t\t\t\t\t\t\t\t\t\t\t\t\t\t\t<img loading=\"lazy\" decoding=\"async\" width=\"750\" height=\"563\" src=\"https:\/\/www.politicti-vezni.cz\/wp-content\/uploads\/2012\/05\/dablice-2007-116.jpg\" class=\"attachment-large size-large wp-image-181\" alt=\"\" srcset=\"https:\/\/www.politicti-vezni.cz\/wp-content\/uploads\/2012\/05\/dablice-2007-116.jpg 750w, https:\/\/www.politicti-vezni.cz\/wp-content\/uploads\/2012\/05\/dablice-2007-116-300x225.jpg 300w, https:\/\/www.politicti-vezni.cz\/wp-content\/uploads\/2012\/05\/dablice-2007-116-678x509.jpg 678w, https:\/\/www.politicti-vezni.cz\/wp-content\/uploads\/2012\/05\/dablice-2007-116-326x245.jpg 326w, https:\/\/www.politicti-vezni.cz\/wp-content\/uploads\/2012\/05\/dablice-2007-116-80x60.jpg 80w\" sizes=\"(max-width: 750px) 100vw, 750px\" \/>\t\t\t\t\t\t\t\t\t\t\t\t\t\t\t<\/div>\n\t\t\t\t<\/div>\n\t\t\t\t\t<\/div>\n\t\t<\/div>\n\t\t\t\t\t<\/div>\n\t\t<\/section>\n\t\t\t\t<section class=\"elementor-section elementor-top-section elementor-element elementor-element-2809a73 elementor-section-boxed elementor-section-height-default elementor-section-height-default\" data-id=\"2809a73\" data-element_type=\"section\" data-e-type=\"section\" data-settings=\"{&quot;_ha_eqh_enable&quot;:false}\">\n\t\t\t\t\t\t<div class=\"elementor-container elementor-column-gap-default\">\n\t\t\t\t\t<div class=\"elementor-column elementor-col-50 elementor-top-column elementor-element elementor-element-742ed1b\" data-id=\"742ed1b\" data-element_type=\"column\" data-e-type=\"column\">\n\t\t\t<div class=\"elementor-widget-wrap elementor-element-populated\">\n\t\t\t\t\t\t<div class=\"elementor-element elementor-element-a2331d0 elementor-widget elementor-widget-image\" data-id=\"a2331d0\" data-element_type=\"widget\" data-e-type=\"widget\" data-widget_type=\"image.default\">\n\t\t\t\t<div class=\"elementor-widget-container\">\n\t\t\t\t\t\t\t\t\t\t\t\t\t\t\t<img loading=\"lazy\" decoding=\"async\" width=\"750\" height=\"563\" src=\"https:\/\/www.politicti-vezni.cz\/wp-content\/uploads\/2012\/05\/dablice-2007-068.jpg\" class=\"attachment-large size-large wp-image-182\" alt=\"\" srcset=\"https:\/\/www.politicti-vezni.cz\/wp-content\/uploads\/2012\/05\/dablice-2007-068.jpg 750w, https:\/\/www.politicti-vezni.cz\/wp-content\/uploads\/2012\/05\/dablice-2007-068-300x225.jpg 300w, https:\/\/www.politicti-vezni.cz\/wp-content\/uploads\/2012\/05\/dablice-2007-068-678x509.jpg 678w, https:\/\/www.politicti-vezni.cz\/wp-content\/uploads\/2012\/05\/dablice-2007-068-326x245.jpg 326w, https:\/\/www.politicti-vezni.cz\/wp-content\/uploads\/2012\/05\/dablice-2007-068-80x60.jpg 80w\" sizes=\"(max-width: 750px) 100vw, 750px\" \/>\t\t\t\t\t\t\t\t\t\t\t\t\t\t\t<\/div>\n\t\t\t\t<\/div>\n\t\t\t\t\t<\/div>\n\t\t<\/div>\n\t\t\t\t<div class=\"elementor-column elementor-col-50 elementor-top-column elementor-element elementor-element-5509ae0\" data-id=\"5509ae0\" data-element_type=\"column\" data-e-type=\"column\">\n\t\t\t<div class=\"elementor-widget-wrap elementor-element-populated\">\n\t\t\t\t\t\t<div class=\"elementor-element elementor-element-91ae6ef elementor-widget elementor-widget-image\" data-id=\"91ae6ef\" data-element_type=\"widget\" data-e-type=\"widget\" data-widget_type=\"image.default\">\n\t\t\t\t<div class=\"elementor-widget-container\">\n\t\t\t\t\t\t\t\t\t\t\t\t\t\t\t<img loading=\"lazy\" decoding=\"async\" width=\"750\" height=\"563\" src=\"https:\/\/www.politicti-vezni.cz\/wp-content\/uploads\/2012\/05\/dablice-2007-047.jpg\" class=\"attachment-large size-large wp-image-183\" alt=\"\" srcset=\"https:\/\/www.politicti-vezni.cz\/wp-content\/uploads\/2012\/05\/dablice-2007-047.jpg 750w, https:\/\/www.politicti-vezni.cz\/wp-content\/uploads\/2012\/05\/dablice-2007-047-300x225.jpg 300w, https:\/\/www.politicti-vezni.cz\/wp-content\/uploads\/2012\/05\/dablice-2007-047-678x509.jpg 678w, https:\/\/www.politicti-vezni.cz\/wp-content\/uploads\/2012\/05\/dablice-2007-047-326x245.jpg 326w, https:\/\/www.politicti-vezni.cz\/wp-content\/uploads\/2012\/05\/dablice-2007-047-80x60.jpg 80w\" sizes=\"(max-width: 750px) 100vw, 750px\" \/>\t\t\t\t\t\t\t\t\t\t\t\t\t\t\t<\/div>\n\t\t\t\t<\/div>\n\t\t\t\t\t<\/div>\n\t\t<\/div>\n\t\t\t\t\t<\/div>\n\t\t<\/section>\n\t\t\t\t<section class=\"elementor-section elementor-top-section elementor-element elementor-element-f69f75d elementor-section-boxed elementor-section-height-default elementor-section-height-default\" data-id=\"f69f75d\" data-element_type=\"section\" data-e-type=\"section\" data-settings=\"{&quot;_ha_eqh_enable&quot;:false}\">\n\t\t\t\t\t\t<div class=\"elementor-container elementor-column-gap-default\">\n\t\t\t\t\t<div class=\"elementor-column elementor-col-50 elementor-top-column elementor-element elementor-element-a93b2d3\" data-id=\"a93b2d3\" data-element_type=\"column\" data-e-type=\"column\">\n\t\t\t<div class=\"elementor-widget-wrap elementor-element-populated\">\n\t\t\t\t\t\t<div class=\"elementor-element elementor-element-dd047f5 elementor-widget elementor-widget-image\" data-id=\"dd047f5\" data-element_type=\"widget\" data-e-type=\"widget\" data-widget_type=\"image.default\">\n\t\t\t\t<div class=\"elementor-widget-container\">\n\t\t\t\t\t\t\t\t\t\t\t\t\t\t\t<img loading=\"lazy\" decoding=\"async\" width=\"750\" height=\"563\" src=\"https:\/\/www.politicti-vezni.cz\/wp-content\/uploads\/2012\/05\/dablice-2007-210a.jpg\" class=\"attachment-large size-large wp-image-185\" alt=\"\" srcset=\"https:\/\/www.politicti-vezni.cz\/wp-content\/uploads\/2012\/05\/dablice-2007-210a.jpg 750w, https:\/\/www.politicti-vezni.cz\/wp-content\/uploads\/2012\/05\/dablice-2007-210a-300x225.jpg 300w, https:\/\/www.politicti-vezni.cz\/wp-content\/uploads\/2012\/05\/dablice-2007-210a-678x509.jpg 678w, https:\/\/www.politicti-vezni.cz\/wp-content\/uploads\/2012\/05\/dablice-2007-210a-326x245.jpg 326w, https:\/\/www.politicti-vezni.cz\/wp-content\/uploads\/2012\/05\/dablice-2007-210a-80x60.jpg 80w\" sizes=\"(max-width: 750px) 100vw, 750px\" \/>\t\t\t\t\t\t\t\t\t\t\t\t\t\t\t<\/div>\n\t\t\t\t<\/div>\n\t\t\t\t\t<\/div>\n\t\t<\/div>\n\t\t\t\t<div class=\"elementor-column elementor-col-50 elementor-top-column elementor-element elementor-element-93c80ca\" data-id=\"93c80ca\" data-element_type=\"column\" data-e-type=\"column\">\n\t\t\t<div class=\"elementor-widget-wrap\">\n\t\t\t\t\t\t\t<\/div>\n\t\t<\/div>\n\t\t\t\t\t<\/div>\n\t\t<\/section>\n\t\t\t\t<\/div>\n\t\t","protected":false},"excerpt":{"rendered":"<div class=\"mh-excerpt\"><p>Sdru\u017een\u00ed B\u00fdval\u00fdch politick\u00fdch v\u011bz\u0148\u016f \u010cR&nbsp;si V\u00e1s dovoluje pozvat na&nbsp;Pietn\u00ed akt Ob\u011btem rud\u00e9ho teroru z let 1948 \u2013 1989. Pietn\u00ed akt se bude konat dne 26. <a class=\"mh-excerpt-more\" href=\"https:\/\/www.politicti-vezni.cz\/?p=179\" title=\"Pozv\u00e1nka na Pietn\u00ed akt Ob\u011btem rud\u00e9ho teroru z let 1948 \u2013 1989 na \u010cestn\u00e9m poh\u0159ebi\u0161ti v Praze \u010e\u00e1blic\u00edch\">[&#8230;]<\/a><\/p>\n<\/div>","protected":false},"author":1,"featured_media":5,"comment_status":"closed","ping_status":"closed","sticky":false,"template":"","format":"standard","meta":{"footnotes":""},"categories":[2],"tags":[],"class_list":["post-179","post","type-post","status-publish","format-standard","has-post-thumbnail","hentry","category-pozvanky"],"_links":{"self":[{"href":"https:\/\/www.politicti-vezni.cz\/index.php?rest_route=\/wp\/v2\/posts\/179","targetHints":{"allow":["GET"]}}],"collection":[{"href":"https:\/\/www.politicti-vezni.cz\/index.php?rest_route=\/wp\/v2\/posts"}],"about":[{"href":"https:\/\/www.politicti-vezni.cz\/index.php?rest_route=\/wp\/v2\/types\/post"}],"author":[{"embeddable":true,"href":"https:\/\/www.politicti-vezni.cz\/index.php?rest_route=\/wp\/v2\/users\/1"}],"replies":[{"embeddable":true,"href":"https:\/\/www.politicti-vezni.cz\/index.php?rest_route=%2Fwp%2Fv2%2Fcomments&post=179"}],"version-history":[{"count":4,"href":"https:\/\/www.politicti-vezni.cz\/index.php?rest_route=\/wp\/v2\/posts\/179\/revisions"}],"predecessor-version":[{"id":191,"href":"https:\/\/www.politicti-vezni.cz\/index.php?rest_route=\/wp\/v2\/posts\/179\/revisions\/191"}],"wp:featuredmedia":[{"embeddable":true,"href":"https:\/\/www.politicti-vezni.cz\/index.php?rest_route=\/wp\/v2\/media\/5"}],"wp:attachment":[{"href":"https:\/\/www.politicti-vezni.cz\/index.php?rest_route=%2Fwp%2Fv2%2Fmedia&parent=179"}],"wp:term":[{"taxonomy":"category","embeddable":true,"href":"https:\/\/www.politicti-vezni.cz\/index.php?rest_route=%2Fwp%2Fv2%2Fcategories&post=179"},{"taxonomy":"post_tag","embeddable":true,"href":"https:\/\/www.politicti-vezni.cz\/index.php?rest_route=%2Fwp%2Fv2%2Ftags&post=179"}],"curies":[{"name":"wp","href":"https:\/\/api.w.org\/{rel}","templated":true}]}}