{"id":163,"date":"2013-06-20T15:12:00","date_gmt":"2013-06-20T14:12:00","guid":{"rendered":"https:\/\/www.politicti-vezni.cz\/?p=163"},"modified":"2023-03-05T15:13:45","modified_gmt":"2023-03-05T14:13:45","slug":"tiskova-zprava-2","status":"publish","type":"post","link":"https:\/\/www.politicti-vezni.cz\/?p=163","title":{"rendered":"Tiskov\u00e1 zpr\u00e1va"},"content":{"rendered":"\n<p>Sdru\u017een\u00ed b\u00fdval\u00fdch politick\u00fdch v\u011bz\u0148\u016f \u2013 SBPB, tak jako ka\u017ed\u00fd rok, po\u0159\u00e1d\u00e1 i letos&nbsp;26. \u010dervna v 10 hodin na \u010cestn\u00e9m poh\u0159ebi\u0161ti politick\u00fdch v\u011bz\u0148\u016f III. odboje na h\u0159bitov\u011b v \u010e\u00e1blic\u00edch v Praze 8. pietn\u00ed vzpom\u00ednku na ob\u011bti rud\u00e9ho teroru z let 1948 \u2013 1989. Pietn\u00edho shrom\u00e1\u017ed\u011bn\u00ed se \u00fa\u010dastn\u00ed p\u0159edstavitel\u00e9 st\u00e1tu, c\u00edrkv\u00ed, z\u00e1stupci n\u011bkter\u00fdch velvyslanectv\u00ed v \u010cesk\u00e9 republice, b\u00fdval\u00ed politi\u010dt\u00ed v\u011bzni a ve\u0159ejnost.<\/p>\n\n\n\n<p>P\u0159ipomeneme si spole\u010dn\u011b ob\u011bti komunistick\u00e9ho re\u017eimu a vzd\u00e1me hold popraven\u00fdm a umu\u010den\u00fdm politick\u00fdm v\u011bz\u0148\u016fm. N\u011bkte\u0159\u00ed z nich se postavili na odpor ji\u017e nacistick\u00e9 zv\u016fli za II. sv\u011btov\u00e9 v\u00e1lky v \u0159ad\u00e1ch dom\u00e1c\u00edho odboje nebo jako p\u0159\u00edslu\u0161n\u00edci spojeneck\u00fdch arm\u00e1d. I takov\u00ed spolu s ostatn\u00edmi odpo\u010d\u00edvaj\u00ed na \u010e\u00e1blick\u00e9m h\u0159bitov\u011b v \u0161acht\u00e1ch hromadn\u00fdch hrob\u016f.<\/p>\n\n\n\n<p>T\u00edmto pietn\u00edm aktem p\u0159ipomeneme i mlad\u0161\u00ed generaci hr\u016fzy komunistick\u00e9ho teroru. V dob\u011b, kdy ve spole\u010dnosti s\u00edl\u00ed tendence na tuto historii zapomenout, nebo ji p\u0159\u00edpadn\u011b vysv\u011btlit i v rozporu s historickou skute\u010dnost\u00ed, nesm\u00edme a ani nebudeme ml\u010det.<\/p>\n\n\n\n<p>Po zah\u00e1jen\u00ed ob\u0159adu budou kladeny v\u011bnce, n\u00e1sledovat budou projevy ofici\u00e1ln\u00edch host\u016f, ob\u0159ad bude zakon\u010den modlitbou za ob\u011bti komunismu. Ob\u0159ad potrv\u00e1 asi&nbsp;1 hodinu.<\/p>\n\n\n\n<p>zve p\u0159edsednictvo<\/p>\n\n\n\n<h3 class=\"wp-block-heading\">Z\u00e1znam z ob\u0159adu<\/h3>\n\n\n\n<figure class=\"wp-block-embed is-type-video is-provider-youtube wp-block-embed-youtube wp-embed-aspect-16-9 wp-has-aspect-ratio\"><div class=\"wp-block-embed__wrapper\">\n<iframe title=\"PIETN\u00cd  AKT OB\u011aTEM RUD\u00c9HO TERORU - \u010e\u00c1BLICE 2013\" width=\"500\" height=\"281\" src=\"https:\/\/www.youtube.com\/embed\/nlrV_g6bEYI?feature=oembed\" frameborder=\"0\" allow=\"accelerometer; autoplay; clipboard-write; encrypted-media; gyroscope; picture-in-picture; web-share\" referrerpolicy=\"strict-origin-when-cross-origin\" allowfullscreen><\/iframe>\n<\/div><\/figure>\n","protected":false},"excerpt":{"rendered":"<div class=\"mh-excerpt\"><p>Sdru\u017een\u00ed b\u00fdval\u00fdch politick\u00fdch v\u011bz\u0148\u016f \u2013 SBPB, tak jako ka\u017ed\u00fd rok, po\u0159\u00e1d\u00e1 i letos&nbsp;26. \u010dervna v 10 hodin na \u010cestn\u00e9m poh\u0159ebi\u0161ti politick\u00fdch v\u011bz\u0148\u016f III. odboje na <a class=\"mh-excerpt-more\" href=\"https:\/\/www.politicti-vezni.cz\/?p=163\" title=\"Tiskov\u00e1 zpr\u00e1va\">[&#8230;]<\/a><\/p>\n<\/div>","protected":false},"author":1,"featured_media":6,"comment_status":"closed","ping_status":"closed","sticky":false,"template":"","format":"standard","meta":{"footnotes":""},"categories":[2,1],"tags":[],"class_list":["post-163","post","type-post","status-publish","format-standard","has-post-thumbnail","hentry","category-pozvanky","category-reportaz"],"_links":{"self":[{"href":"https:\/\/www.politicti-vezni.cz\/index.php?rest_route=\/wp\/v2\/posts\/163","targetHints":{"allow":["GET"]}}],"collection":[{"href":"https:\/\/www.politicti-vezni.cz\/index.php?rest_route=\/wp\/v2\/posts"}],"about":[{"href":"https:\/\/www.politicti-vezni.cz\/index.php?rest_route=\/wp\/v2\/types\/post"}],"author":[{"embeddable":true,"href":"https:\/\/www.politicti-vezni.cz\/index.php?rest_route=\/wp\/v2\/users\/1"}],"replies":[{"embeddable":true,"href":"https:\/\/www.politicti-vezni.cz\/index.php?rest_route=%2Fwp%2Fv2%2Fcomments&post=163"}],"version-history":[{"count":1,"href":"https:\/\/www.politicti-vezni.cz\/index.php?rest_route=\/wp\/v2\/posts\/163\/revisions"}],"predecessor-version":[{"id":164,"href":"https:\/\/www.politicti-vezni.cz\/index.php?rest_route=\/wp\/v2\/posts\/163\/revisions\/164"}],"wp:featuredmedia":[{"embeddable":true,"href":"https:\/\/www.politicti-vezni.cz\/index.php?rest_route=\/wp\/v2\/media\/6"}],"wp:attachment":[{"href":"https:\/\/www.politicti-vezni.cz\/index.php?rest_route=%2Fwp%2Fv2%2Fmedia&parent=163"}],"wp:term":[{"taxonomy":"category","embeddable":true,"href":"https:\/\/www.politicti-vezni.cz\/index.php?rest_route=%2Fwp%2Fv2%2Fcategories&post=163"},{"taxonomy":"post_tag","embeddable":true,"href":"https:\/\/www.politicti-vezni.cz\/index.php?rest_route=%2Fwp%2Fv2%2Ftags&post=163"}],"curies":[{"name":"wp","href":"https:\/\/api.w.org\/{rel}","templated":true}]}}