{"id":148,"date":"2014-10-31T14:58:00","date_gmt":"2014-10-31T13:58:00","guid":{"rendered":"https:\/\/www.politicti-vezni.cz\/?p=148"},"modified":"2023-03-05T15:01:11","modified_gmt":"2023-03-05T14:01:11","slug":"tiskova-zprava","status":"publish","type":"post","link":"https:\/\/www.politicti-vezni.cz\/?p=148","title":{"rendered":"Tiskov\u00e1 zpr\u00e1va"},"content":{"rendered":"\n<p>Na\u0161e Sdru\u017een\u00ed b\u00fdval\u00fdch politick\u00fdch v\u011bz\u0148\u016f se dopisem obr\u00e1tilo na Magistr\u00e1t HMP se \u017e\u00e1dost\u00ed o zastaven\u00ed exhumace Otce Toufara. M\u00edn\u00edme, \u017ee pokud by se konala exhumace jedn\u00e9 ob\u011bti, mus\u00ed se z\u00e1rove\u0148 p\u0159istoupit k exhumaci a identifikaci ostatk\u016f lid\u00ed v ostatn\u00edch hromadn\u00fdch hrobech, aby nedo\u0161lo k degradaci piety ostatn\u00edch ob\u011bt\u00ed komunismu.<\/p>\n\n\n\n<p><strong>Na tento dopis datovan\u00fd k 10.10.2014 jsme nedostali \u017e\u00e1dnou odpov\u011b\u010f a proto dopis zve\u0159ej\u0148ujeme.<\/strong><\/p>\n\n\n\n<p>\u2014\u2013<\/p>\n\n\n\n<p>Sdru\u017een\u00ed b\u00fdval\u00fdch politick\u00fdch v\u011bz\u0148\u016f SBPV protestuje proti&nbsp;zam\u00fd\u0161len\u00e9 neetick\u00e9 exhumaci na \u010cestn\u00e9m poh\u0159ebi\u0161ti popraven\u00fdch a umu\u010den\u00fdch politick\u00fdch v\u011bz\u0148\u016f v&nbsp;Praze \u2013 \u010e\u00e1blic\u00edch. Pokud by se konala exhumace jedn\u00e9 z ob\u011bt\u00ed, mus\u00ed se z\u00e1rove\u0148 p\u0159istoupit k&nbsp;exhumaci, identifikaci a pietn\u00edmu ulo\u017een\u00ed ostatk\u016f v\u0161ech osob i v ostatn\u00edch hromadn\u00fdch hrobech, aby nedo\u0161lo k&nbsp;degradaci piety ostatn\u00edch ob\u011bt\u00ed komunismu.<\/p>\n\n\n\n<p>Sdru\u017een\u00ed b\u00fdval\u00fdch politick\u00fdch v\u011bz\u0148\u016f SBPV se sezn\u00e1milo z&nbsp;m\u00e9di\u00ed se z\u00e1m\u011brem Rady hl. m. Prahy exhumovat ostatky umu\u010den\u00e9ho kn\u011bze \u0159\u00edmskokatolick\u00e9 c\u00edrkve P.Josefa Toufara v&nbsp;are\u00e1lu \u010cestn\u00e9ho poh\u0159ebi\u0161t\u011b politick\u00fdch v\u011bz\u0148\u016f III. odboje na H\u0159bitov\u011b \u010e\u00e1blice.<br>P\u0159ipom\u00edn\u00e1me, \u017ee pietn\u00ed m\u00edsto bylo z\u0159\u00edzeno \u00fasil\u00edm na\u0161eho zem\u0159el\u00e9ho p\u0159edsedy Stanislava Str\u00e1nsk\u00e9ho, dal\u0161\u00edch politick\u00fdch v\u011bz\u0148\u016f a doc. ing. Ji\u0159\u00edho Nedomy, CSc., po roce 1990, jako symbolick\u00e9 m\u00edsto odpo\u010dinku na\u0161ich sester a bratr\u016f popraven\u00fdch a umu\u010den\u00fdch komunistick\u00fdm terorem v&nbsp;50. letech.<\/p>\n\n\n\n<p>Vzhledem ke skute\u010dnosti, \u017ee exhumace ostatk\u016f Otce Toufara bude vy\u017eadovat manipulaci s&nbsp;dal\u0161\u00edmi lidsk\u00fdmi ostatky, mezi nimi\u017e je tak\u00e9 \u0159ada zavra\u017ed\u011bn\u00fdch komunistick\u00fdm re\u017eimem, nelze k&nbsp;exhumaci p\u0159istoupit bez souhlasu p\u0159\u00edbuzn\u00fdch t\u011bchto ob\u011bt\u00ed. Byl by to neetick\u00fd, necitliv\u00fd a velmi politov\u00e1n\u00edhodn\u00fd \u010din a na\u0161e organizace je t\u00edmto z\u00e1m\u011brem velmi pobou\u0159ena. Pokud by se konala exhumace jedn\u00e9 ob\u011bti, mus\u00ed se z\u00e1rove\u0148 p\u0159istoupit k&nbsp;exhumaci a identifikaci lid\u00ed v&nbsp;ostatn\u00edch hromadn\u00fdch hrobech, aby nedo\u0161lo k&nbsp;degradaci v\u00fdznamu ostatn\u00edch ob\u011bt\u00ed komunismu.<\/p>\n\n\n\n<p>\u017d\u00e1d\u00e1me proto upustit od z\u00e1m\u011bru exhumace a neru\u0161it klid zde odpo\u010d\u00edvaj\u00edc\u00edch nebo prov\u00e9st kompletn\u00ed exhumaci v\u0161ech ob\u011bt\u00ed poh\u0159ben\u00fdch v hromadn\u00fdch hrobech. Jejich ostatky identifikovat a vr\u00e1tit jejich rodin\u00e1m nebo pietn\u011b individu\u00e1ln\u011b poh\u0159b\u00edt. Takov\u00e1 celkov\u00e1 exhumace by se m\u011bla financovat z&nbsp;finan\u010dn\u00edch prost\u0159edk\u016f b\u00fdval\u00fdch \u010dlen\u016f KS\u010c, kter\u00e1 tato zv\u011brstva prov\u00e1d\u011bla, monopolizovala si moc ve st\u00e1t\u011b a nese tak plnou odpov\u011bdnost.<\/p>\n\n\n\n<p>Ladislav Bergmann<br>P\u0159edseda<br>SBPV \u2013 sdru\u017een\u00ed b\u00fdval\u00fdch politick\u00fdch v\u011bz\u0148\u016f<br>Na B\u011blidle 34, 159 00 Praha<br>info@politicti-vezni.cz<\/p>\n\n\n\n<p><\/p>\n\n\n\n<p>Dopis:<\/p>\n\n\n\n<div data-wp-interactive=\"core\/file\" class=\"wp-block-file\"><object data-wp-bind--hidden=\"!state.hasPdfPreview\" hidden class=\"wp-block-file__embed\" data=\"https:\/\/www.politicti-vezni.cz\/wp-content\/uploads\/2023\/03\/scan-dopis-SBPV.pdf\" type=\"application\/pdf\" style=\"width:100%;height:600px\" aria-label=\"Vlo\u017eit z scan-dopis-SBPV.\"><\/object><a id=\"wp-block-file--media-139c80b2-a299-4208-ad3d-ac5cd4a34912\" href=\"https:\/\/www.politicti-vezni.cz\/wp-content\/uploads\/2023\/03\/scan-dopis-SBPV.pdf\">scan-dopis-SBPV<\/a><a href=\"https:\/\/www.politicti-vezni.cz\/wp-content\/uploads\/2023\/03\/scan-dopis-SBPV.pdf\" class=\"wp-block-file__button wp-element-button\" download aria-describedby=\"wp-block-file--media-139c80b2-a299-4208-ad3d-ac5cd4a34912\">St\u00e1hnout<\/a><\/div>\n","protected":false},"excerpt":{"rendered":"<div class=\"mh-excerpt\"><p>Na\u0161e Sdru\u017een\u00ed b\u00fdval\u00fdch politick\u00fdch v\u011bz\u0148\u016f se dopisem obr\u00e1tilo na Magistr\u00e1t HMP se \u017e\u00e1dost\u00ed o zastaven\u00ed exhumace Otce Toufara. M\u00edn\u00edme, \u017ee pokud by se konala exhumace <a class=\"mh-excerpt-more\" href=\"https:\/\/www.politicti-vezni.cz\/?p=148\" title=\"Tiskov\u00e1 zpr\u00e1va\">[&#8230;]<\/a><\/p>\n<\/div>","protected":false},"author":1,"featured_media":34,"comment_status":"closed","ping_status":"closed","sticky":false,"template":"","format":"standard","meta":{"footnotes":""},"categories":[3],"tags":[],"class_list":["post-148","post","type-post","status-publish","format-standard","has-post-thumbnail","hentry","category-nazory"],"_links":{"self":[{"href":"https:\/\/www.politicti-vezni.cz\/index.php?rest_route=\/wp\/v2\/posts\/148","targetHints":{"allow":["GET"]}}],"collection":[{"href":"https:\/\/www.politicti-vezni.cz\/index.php?rest_route=\/wp\/v2\/posts"}],"about":[{"href":"https:\/\/www.politicti-vezni.cz\/index.php?rest_route=\/wp\/v2\/types\/post"}],"author":[{"embeddable":true,"href":"https:\/\/www.politicti-vezni.cz\/index.php?rest_route=\/wp\/v2\/users\/1"}],"replies":[{"embeddable":true,"href":"https:\/\/www.politicti-vezni.cz\/index.php?rest_route=%2Fwp%2Fv2%2Fcomments&post=148"}],"version-history":[{"count":1,"href":"https:\/\/www.politicti-vezni.cz\/index.php?rest_route=\/wp\/v2\/posts\/148\/revisions"}],"predecessor-version":[{"id":150,"href":"https:\/\/www.politicti-vezni.cz\/index.php?rest_route=\/wp\/v2\/posts\/148\/revisions\/150"}],"wp:featuredmedia":[{"embeddable":true,"href":"https:\/\/www.politicti-vezni.cz\/index.php?rest_route=\/wp\/v2\/media\/34"}],"wp:attachment":[{"href":"https:\/\/www.politicti-vezni.cz\/index.php?rest_route=%2Fwp%2Fv2%2Fmedia&parent=148"}],"wp:term":[{"taxonomy":"category","embeddable":true,"href":"https:\/\/www.politicti-vezni.cz\/index.php?rest_route=%2Fwp%2Fv2%2Fcategories&post=148"},{"taxonomy":"post_tag","embeddable":true,"href":"https:\/\/www.politicti-vezni.cz\/index.php?rest_route=%2Fwp%2Fv2%2Ftags&post=148"}],"curies":[{"name":"wp","href":"https:\/\/api.w.org\/{rel}","templated":true}]}}