{"id":136,"date":"2014-11-14T14:49:00","date_gmt":"2014-11-14T13:49:00","guid":{"rendered":"https:\/\/www.politicti-vezni.cz\/?p=136"},"modified":"2023-03-05T14:58:27","modified_gmt":"2023-03-05T13:58:27","slug":"deni-ohledne-zadosti-o-zastaveni-exhumace-otce-toufara","status":"publish","type":"post","link":"https:\/\/www.politicti-vezni.cz\/?p=136","title":{"rendered":"D\u011bn\u00ed ohledn\u011b \u017e\u00e1dosti o zastaven\u00ed exhumace Otce Toufara"},"content":{"rendered":"\n<p>N\u00ed\u017ee uve\u0159ej\u0148ujeme reakce na <a href=\"http:\/\/www.politicti-vezni.cz\/tiskova-zprava-2\/\">dopis<\/a>, kter\u00fd se Sdru\u017een\u00ed b\u00fdval\u00fdch politick\u00fdch v\u011bz\u0148\u016f obr\u00e1tilo na Magistr\u00e1t HMP se \u017e\u00e1dost\u00ed o zastaven\u00ed exhumace Otce Toufara.<\/p>\n\n\n\n<p><a href=\"http:\/\/www.politicti-vezni.cz\/wp-content\/uploads\/2014\/11\/dopis-SBPV-nedoma-09.10.pdf\"><\/a>Dopis od <strong>Doc. Ing. Ji\u0159\u00ed Nedoma CSc<\/strong>&nbsp;adresovan\u00fd kardin\u00e1lovi <strong>Dominiku Dukovi<\/strong>&nbsp;ze dne 9.10.2014<\/p>\n\n\n\n<div data-wp-interactive=\"core\/file\" class=\"wp-block-file\"><object data-wp-bind--hidden=\"!state.hasPdfPreview\" hidden class=\"wp-block-file__embed\" data=\"https:\/\/www.politicti-vezni.cz\/wp-content\/uploads\/2023\/03\/dopis-SBPV-nedoma-09.10.pdf\" type=\"application\/pdf\" style=\"width:100%;height:600px\" aria-label=\"Vlo\u017eit z dopis-SBPV-nedoma-09.10.\"><\/object><a id=\"wp-block-file--media-7d0479a1-6796-4716-a12f-ab537c9b1c76\" href=\"https:\/\/www.politicti-vezni.cz\/wp-content\/uploads\/2023\/03\/dopis-SBPV-nedoma-09.10.pdf\">dopis-SBPV-nedoma-09.10<\/a><a href=\"https:\/\/www.politicti-vezni.cz\/wp-content\/uploads\/2023\/03\/dopis-SBPV-nedoma-09.10.pdf\" class=\"wp-block-file__button wp-element-button\" download aria-describedby=\"wp-block-file--media-7d0479a1-6796-4716-a12f-ab537c9b1c76\">St\u00e1hnout<\/a><\/div>\n\n\n\n<p>Dopis od <strong>Zde\u0148ky Ma\u0161\u00ednov\u00e9<\/strong>\u00a0adresovan\u00fd kardin\u00e1lovi <strong>Dominiku Dukovi<\/strong> ze dne 9.10.2014<\/p>\n\n\n\n<div data-wp-interactive=\"core\/file\" class=\"wp-block-file\"><object data-wp-bind--hidden=\"!state.hasPdfPreview\" hidden class=\"wp-block-file__embed\" data=\"https:\/\/www.politicti-vezni.cz\/wp-content\/uploads\/2023\/03\/dopis-SBPV-masinova-09.10.pdf\" type=\"application\/pdf\" style=\"width:100%;height:600px\" aria-label=\"Vlo\u017eit z dopis-SBPV-masinova-09.10.\"><\/object><a id=\"wp-block-file--media-d9ce8730-0b2c-4ba0-bec9-2edddf7e655f\" href=\"https:\/\/www.politicti-vezni.cz\/wp-content\/uploads\/2023\/03\/dopis-SBPV-masinova-09.10.pdf\">dopis-SBPV-masinova-09.10<\/a><a href=\"https:\/\/www.politicti-vezni.cz\/wp-content\/uploads\/2023\/03\/dopis-SBPV-masinova-09.10.pdf\" class=\"wp-block-file__button wp-element-button\" download aria-describedby=\"wp-block-file--media-d9ce8730-0b2c-4ba0-bec9-2edddf7e655f\">St\u00e1hnout<\/a><\/div>\n\n\n\n<hr class=\"wp-block-separator has-alpha-channel-opacity\"\/>\n\n\n\n<p><strong>Otev\u0159en\u00fd dopis p\u0159edsedovi Sdru\u017een\u00ed b\u00fdval\u00fdch politick\u00fdch v\u011bz\u0148\u016f 31.\u0159\u00edjna 2014<\/strong><\/p>\n\n\n\n<p>V\u00e1\u017een\u00fd pane p\u0159edsedo Bergmanne,<\/p>\n\n\n\n<p>pozdravuji V\u00e1s a dovoluji si vyj\u00e1d\u0159it sv\u00e9 hlubok\u00e9 zklam\u00e1n\u00ed nad Va\u0161\u00edm negativn\u00edm vyj\u00e1d\u0159en\u00edm k exhumaci zmu\u010den\u00e9ho t\u011bla kn\u011bze P. Josefa Toufara. Dosud jsem pova\u017eoval politick\u00e9 v\u011bzn\u011b za hlas sv\u011bdom\u00ed n\u00e1roda. Pravda \u2013 Vy vedete od\u0161t\u011bpenou \u010d\u00e1st od Konfederace politick\u00fdch v\u011bz\u0148\u016f, kter\u00e1 s exhumac\u00ed naopak vyj\u00e1d\u0159ila souhlas.<\/p>\n\n\n\n<p>Napsal a vydal jsem \u010dty\u0159i knihy rozhovor\u016f s v\u011bzni nacistick\u00fdch a komunistick\u00fdch krimin\u00e1l\u016f, t\u0159i \u017eivotopisn\u00e9 knihy politick\u00fdch v\u011bz\u0148\u016f, p\u0159ipravil des\u00edtky televizn\u00edch a rozhlasov\u00fdch po\u0159ad\u016f o II. i III. odboji i jeho hrdinech a dvacet let jsem pracoval na monografii o P. Josefu Toufarovi \u201eJako bychom dnes zem\u0159\u00edt m\u011bli\u201c, kter\u00e1 vy\u0161la p\u0159ed dv\u011bma lety. Omlouv\u00e1m se, nechci se t\u00edm nijak chlubit, pouze chci zd\u016fraznit, na jak\u00e9 stran\u011b jsem st\u00e1l a stoj\u00edm. A jak\u00e1 t\u00e9mata jsem pova\u017eoval za d\u016fle\u017eit\u00e1 pro na\u0161i spole\u010dnost. O to v\u00edc m\u011b Va\u0161e neadekv\u00e1tn\u00ed reakce \u0161okovala. Exhumace t\u011bla P. Toufara nen\u00ed neetick\u00e1. Je to vy\u00fast\u011bn\u00ed dlouholet\u00e9 snahy jeho p\u0159\u00edbuzn\u00fdch a \u010d\u00edho\u0161\u0165sk\u00e9 farnosti (od roku 1968 se o to pokou\u0161\u00ed) sv\u00e9ho str\u00fdce a kn\u011bze exhumovat a sou\u010dasn\u011b snahy c\u00edrkve tohoto mu\u010dedn\u00edka komunismu blahoslavit, k \u010demu\u017e dle kanonick\u00e9ho pr\u00e1va je t\u0159eba exhumovat t\u011blo kandid\u00e1ta a ohledat. Jestli bylo na tomto p\u0159\u00edpadu n\u011bco neetick\u00e9ho, tak to bylo jedn\u00e1n\u00ed St\u00e1tn\u00ed bezpe\u010dnosti a zr\u016fdnost, jak\u00fdm zp\u016fsobem nevinn\u00e9ho \u010dlov\u011bka zavra\u017edila a zahrabala. O tom je t\u0159eba p\u0159ed ve\u0159ejnost\u00ed nahlas mluvit!! D\u016fle\u017eit\u00e9 je tak\u00e9 dodat, \u017ee k potupn\u00e9mu zahrab\u00e1n\u00ed t\u00e9to ob\u011bti se n\u00e1m poda\u0159ilo v posledn\u00edch m\u011bs\u00edc\u00edch nal\u00e9zt n\u011bkolik d\u016fle\u017eit\u00fdch dokument\u016f a sv\u011bdectv\u00ed, kter\u00e9 u jin\u00fdch ob\u011bt\u00ed, zakopan\u00fdch na \u010f\u00e1blick\u00e9m h\u0159bitov\u011b, nejsou k dispozici, nebo\u0165 byly po 21. srpnu 1968 zni\u010deny. Dovoluji si k tomuto listu pro Va\u0161i informaci p\u0159ilo\u017eit studii, kter\u00e1 v\u0161e objas\u0148uje \/pos\u00edl\u00e1m po\u0161tou\/.<\/p>\n\n\n\n<p>Exhumace P. Toufara nen\u00ed postaven\u00e1 proti jin\u00fdm ob\u011btem totalitn\u00edho re\u017eimu, ani je nesni\u017euje, ba naopak \u2013 poukazuje na zlo\u010dineckou podstatu komunistick\u00e9 ideologie na exempl\u00e1rn\u00edm p\u0159\u00edpadu a sou\u010dasn\u011b ukazuje na jej\u00ed surovost a cynismus, se kter\u00fdm se vyrovn\u00e1vala se sv\u00fdmi ideov\u00fdmi protivn\u00edky. A pak \u2013 v \u0161acht\u011b, kde se t\u011blo P. Toufara pravd\u011bpodobn\u011b nach\u00e1z\u00ed, nen\u00ed nikdo dal\u0161\u00ed z politick\u00fdch ob\u011bt\u00ed. Pochopiteln\u011b jsem pro, aby i dal\u0161\u00ed ob\u011bti komunistick\u00e9ho \u0159\u00e1d\u011bn\u00ed byly exhumov\u00e1ny a jako lid\u00e9 d\u016fstojn\u011b poh\u0159beni (o tom jsem ostatn\u011b tak\u00e9 hovo\u0159il s pan\u00ed Ma\u0161\u00ednovou i pan\u00ed Musilovou), ale to je p\u0159eci mo\u017en\u00e9 jen v p\u0159\u00edpad\u011b d\u016fkladn\u00e9 p\u0159\u00edpravy, existence archivn\u00ed dokumentace, \u017eij\u00edc\u00edch bl\u00edzk\u00fdch p\u0159\u00edbuzn\u00fdch, aby mohla b\u00fdt zkoum\u00e1na DNA (ne u v\u0161ech je to dnes mo\u017en\u00e9) a aby p\u0159edstavitel\u00e9 st\u00e1tu \u010di reprezentace m\u011bsta takovou akci finan\u010dn\u011b podpo\u0159ili.<\/p>\n\n\n\n<p>V\u00edte, pat\u0159\u00edm st\u00e1le je\u0161t\u011b k mlad\u00e9 generaci, kter\u00e1 se pokou\u0161\u00ed alespo\u0148 n\u011bkter\u00e9 k\u0159ivdy, kter\u00e9 se tu p\u0159ed rokem 1989 i po roce 1989 staly, od\u010dinit. A mezi n\u011b pat\u0159\u00ed rehabilitace zavra\u017ed\u011bn\u00e9ho Josefa Toufara a od\u010din\u011bn\u00ed toho, \u017ee byl jako zv\u00ed\u0159e potupn\u011b zahrab\u00e1n a pomluven. Vlo\u017eil jsem do t\u00e9to snahy dv\u011b desetilet\u00ed \u017eivota a jsem p\u0159esv\u011bd\u010den o tom, \u017ee se tento p\u0159\u00edkladn\u00fd a obl\u00edben\u00fd kn\u011bz vrac\u00ed do na\u0161\u00ed spole\u010dnosti jako vzor \u010destnosti a hrdinstv\u00ed. Pr\u00e1v\u011b v dob\u011b, kdy se na\u0161e ned\u00e1vn\u00e1 minulost relativizuje, a zleh\u010duj\u00ed se hr\u016fzy minul\u00e9ho re\u017eimu \u2013 komunistick\u00fdmi i levicov\u00fdmi politiky a historiky. A p\u0159edev\u0161\u00edm: komunist\u016fm \u2013 jak jsem m\u011bl mo\u017enost i osobn\u011b poznat, v\u0161e pozitivn\u00ed, co se d\u011bje kolem rehabilitace P. Toufara, kolem p\u0159ipom\u00edn\u00e1n\u00ed jeho umu\u010den\u00ed StB a jeho znovu zp\u0159\u00edtomn\u011bn\u00ed \u2013 v\u0161e tohle jim nesm\u00edrn\u011b p\u0159ek\u00e1\u017e\u00ed a irituje je. Viz nap\u0159. \u0161kodolib\u011b radostn\u00e1 reakce v jejich tisku na V\u00e1\u0161 protest \u010di diskuze komunistick\u00e9 ml\u00e1de\u017ee\u2026 Je proto pro mne velmi smutn\u00fdm zji\u0161t\u011bn\u00edm, \u017ee se va\u0161e Sdru\u017een\u00ed b\u00fdval\u00fdch politick\u00fdch v\u011bz\u0148\u016f st\u00e1v\u00e1 touto reakc\u00ed paradoxn\u011b spojencem KS\u010cM, jejich p\u0159\u00edznivc\u016f, v\u010detn\u011b \u017eij\u00edc\u00edch b\u00fdval\u00fdch p\u0159\u00edslu\u0161n\u00edk\u016f StB (nap\u0159. soudruha L. M\u00e1chy, spoluvraha P. Toufara, kter\u00fd m\u00e1 na sv\u00fdch rukou jeho krev). I on, i oni nesouhlas\u00ed s exhumac\u00ed, naz\u00fdvaj\u00ed ji podobn\u011b jako Vy \u201eneetickou a nehum\u00e1n\u00ed\u201c a navrhuj\u00ed nechat \u201emrtv\u00e9 nav\u017edy minulosti\u201c. Domn\u00edv\u00e1m se, \u017ee Va\u0161e reakce je ne\u0161\u0165astn\u00e1 a vn\u00e1\u0161\u00ed do ji\u017e tak nemocn\u00e9 \u010desk\u00e9 spole\u010dnosti dal\u0161\u00ed zmatek. Titulek internetov\u00e9ho \u010dl\u00e1nku na iDnes je bohu\u017eel smutn\u011b v\u00fdsti\u017en\u00fd: \u201eB\u00fdval\u00ed muklov\u00e9 protestuj\u00ed proti exhumaci kn\u011bze, kter\u00e9ho umu\u010dila StB.\u201c A\u017e tam jsme dosp\u011bli 25 let po p\u00e1du komunismu v reflexi minulosti.<\/p>\n\n\n\n<p><em>S pozdravem Milo\u0161 Dole\u017eal<\/em><\/p>\n\n\n\n<p><em>spisovatel, publicista a redaktor<\/em><\/p>\n\n\n\n<p><em>\u010cesk\u00fd rozhlas<\/em><\/p>\n\n\n\n<p><em>Vinohradsk\u00e1 12<\/em><\/p>\n\n\n\n<p><em>120 99 Praha 2<\/em><\/p>\n\n\n\n<hr class=\"wp-block-separator has-alpha-channel-opacity\"\/>\n\n\n\n<p><strong>Reakce p\u0159edsedy SBPV ze dne 10.11.2014<\/strong><\/p>\n\n\n\n<p><a href=\"http:\/\/www.politicti-vezni.cz\/wp-content\/uploads\/2014\/11\/dopis-SBPV-bergmann-10.11.pdf\" target=\"_blank\" rel=\"noreferrer noopener\"><\/a><\/p>\n\n\n\n<div data-wp-interactive=\"core\/file\" class=\"wp-block-file\"><object data-wp-bind--hidden=\"!state.hasPdfPreview\" hidden class=\"wp-block-file__embed\" data=\"https:\/\/www.politicti-vezni.cz\/wp-content\/uploads\/2023\/03\/dopis-SBPV-bergmann-10.11.pdf\" type=\"application\/pdf\" style=\"width:100%;height:600px\" aria-label=\"Vlo\u017eit z dopis-SBPV-bergmann-10.11.\"><\/object><a id=\"wp-block-file--media-7a895fa1-d1c5-4da7-820f-2fbcb1388f5d\" href=\"https:\/\/www.politicti-vezni.cz\/wp-content\/uploads\/2023\/03\/dopis-SBPV-bergmann-10.11.pdf\">dopis-SBPV-bergmann-10.11<\/a><a href=\"https:\/\/www.politicti-vezni.cz\/wp-content\/uploads\/2023\/03\/dopis-SBPV-bergmann-10.11.pdf\" class=\"wp-block-file__button wp-element-button\" download aria-describedby=\"wp-block-file--media-7a895fa1-d1c5-4da7-820f-2fbcb1388f5d\">St\u00e1hnout<\/a><\/div>\n","protected":false},"excerpt":{"rendered":"<div class=\"mh-excerpt\"><p>N\u00ed\u017ee uve\u0159ej\u0148ujeme reakce na dopis, kter\u00fd se Sdru\u017een\u00ed b\u00fdval\u00fdch politick\u00fdch v\u011bz\u0148\u016f obr\u00e1tilo na Magistr\u00e1t HMP se \u017e\u00e1dost\u00ed o zastaven\u00ed exhumace Otce Toufara. Dopis od Doc. <a class=\"mh-excerpt-more\" href=\"https:\/\/www.politicti-vezni.cz\/?p=136\" title=\"D\u011bn\u00ed ohledn\u011b \u017e\u00e1dosti o zastaven\u00ed exhumace Otce Toufara\">[&#8230;]<\/a><\/p>\n<\/div>","protected":false},"author":1,"featured_media":132,"comment_status":"closed","ping_status":"closed","sticky":false,"template":"","format":"standard","meta":{"footnotes":""},"categories":[3],"tags":[],"class_list":["post-136","post","type-post","status-publish","format-standard","has-post-thumbnail","hentry","category-nazory"],"_links":{"self":[{"href":"https:\/\/www.politicti-vezni.cz\/index.php?rest_route=\/wp\/v2\/posts\/136","targetHints":{"allow":["GET"]}}],"collection":[{"href":"https:\/\/www.politicti-vezni.cz\/index.php?rest_route=\/wp\/v2\/posts"}],"about":[{"href":"https:\/\/www.politicti-vezni.cz\/index.php?rest_route=\/wp\/v2\/types\/post"}],"author":[{"embeddable":true,"href":"https:\/\/www.politicti-vezni.cz\/index.php?rest_route=\/wp\/v2\/users\/1"}],"replies":[{"embeddable":true,"href":"https:\/\/www.politicti-vezni.cz\/index.php?rest_route=%2Fwp%2Fv2%2Fcomments&post=136"}],"version-history":[{"count":3,"href":"https:\/\/www.politicti-vezni.cz\/index.php?rest_route=\/wp\/v2\/posts\/136\/revisions"}],"predecessor-version":[{"id":147,"href":"https:\/\/www.politicti-vezni.cz\/index.php?rest_route=\/wp\/v2\/posts\/136\/revisions\/147"}],"wp:featuredmedia":[{"embeddable":true,"href":"https:\/\/www.politicti-vezni.cz\/index.php?rest_route=\/wp\/v2\/media\/132"}],"wp:attachment":[{"href":"https:\/\/www.politicti-vezni.cz\/index.php?rest_route=%2Fwp%2Fv2%2Fmedia&parent=136"}],"wp:term":[{"taxonomy":"category","embeddable":true,"href":"https:\/\/www.politicti-vezni.cz\/index.php?rest_route=%2Fwp%2Fv2%2Fcategories&post=136"},{"taxonomy":"post_tag","embeddable":true,"href":"https:\/\/www.politicti-vezni.cz\/index.php?rest_route=%2Fwp%2Fv2%2Ftags&post=136"}],"curies":[{"name":"wp","href":"https:\/\/api.w.org\/{rel}","templated":true}]}}