{"id":125,"date":"2015-06-04T14:40:00","date_gmt":"2015-06-04T13:40:00","guid":{"rendered":"https:\/\/www.politicti-vezni.cz\/?p=125"},"modified":"2023-03-05T14:43:02","modified_gmt":"2023-03-05T13:43:02","slug":"dablice-2015","status":"publish","type":"post","link":"https:\/\/www.politicti-vezni.cz\/?p=125","title":{"rendered":"\u010e\u00e1blice 2015"},"content":{"rendered":"\n<p>Sdru\u017een\u00ed B\u00fdval\u00fdch politick\u00fdch v\u011bz\u0148\u016f \u010cR si V\u00e1s dovoluje pozvat na&nbsp;<strong>Pietn\u00ed akt&nbsp;ob\u011btem rud\u00e9ho teroru<\/strong>&nbsp;z let 1948 \u2013 1989. Akce se kon\u00e1<strong>&nbsp;26.\u010dervna<\/strong> 2014 (p\u00e1tek) v 10:00 na&nbsp;\u010cestn\u00e9m poh\u0159ebi\u0161ti politick\u00fdch v\u011bz\u0148\u016f III. odboje&nbsp;na <strong>\u010e\u00e1blick\u00e9m h\u0159bitov\u011b<\/strong> v Praze 8 (z\u0159\u00edzen\u00e9 Stanislavem Str\u00e1nsk\u00fdm)<\/p>\n\n\n\n<h2 class=\"wp-block-heading\">Program:<\/h2>\n\n\n\n<ul class=\"wp-block-list\">\n<li>Uv\u00edt\u00e1n\u00ed \u010destn\u00fdch host\u016f a zah\u00e1jen\u00ed ob\u0159adu<\/li>\n\n\n\n<li>\u00davodn\u00ed slovo JUDr. V\u00e1clava Mus\u00edlka Pietn\u00ed polo\u017een\u00ed v\u011bnc\u016f k pam\u00e1tn\u00edku Projev ofici\u00e1ln\u00edch host\u016f<\/li>\n\n\n\n<li>Spole\u010dn\u00e1 modlitba za ob\u011bti komunismu<\/li>\n\n\n\n<li>\u010cestnou str\u00e1\u017e p\u0159i pietn\u00edm aktu zabezpe\u010duje Vojensk\u00e1 pos\u00e1dka Praha spolu s Pos\u00e1dkovou hudbou Praha<\/li>\n<\/ul>\n\n\n<div class=\"wp-block-image\">\n<figure class=\"aligncenter size-full\"><img decoding=\"async\" width=\"150\" height=\"150\" src=\"https:\/\/www.politicti-vezni.cz\/wp-content\/uploads\/2023\/03\/obrazek-6.png\" alt=\"\" class=\"wp-image-128\"\/><\/figure>\n<\/div>\n\n<div class=\"wp-block-image\">\n<figure class=\"aligncenter size-full\"><img decoding=\"async\" width=\"150\" height=\"150\" src=\"https:\/\/www.politicti-vezni.cz\/wp-content\/uploads\/2023\/03\/obrazek-7.png\" alt=\"\" class=\"wp-image-129\"\/><\/figure>\n<\/div>","protected":false},"excerpt":{"rendered":"<div class=\"mh-excerpt\"><p>Sdru\u017een\u00ed B\u00fdval\u00fdch politick\u00fdch v\u011bz\u0148\u016f \u010cR si V\u00e1s dovoluje pozvat na&nbsp;Pietn\u00ed akt&nbsp;ob\u011btem rud\u00e9ho teroru&nbsp;z let 1948 \u2013 1989. Akce se kon\u00e1&nbsp;26.\u010dervna 2014 (p\u00e1tek) v 10:00 na&nbsp;\u010cestn\u00e9m <a class=\"mh-excerpt-more\" href=\"https:\/\/www.politicti-vezni.cz\/?p=125\" title=\"\u010e\u00e1blice 2015\">[&#8230;]<\/a><\/p>\n<\/div>","protected":false},"author":1,"featured_media":34,"comment_status":"closed","ping_status":"closed","sticky":false,"template":"","format":"standard","meta":{"footnotes":""},"categories":[2],"tags":[],"class_list":["post-125","post","type-post","status-publish","format-standard","has-post-thumbnail","hentry","category-pozvanky"],"_links":{"self":[{"href":"https:\/\/www.politicti-vezni.cz\/index.php?rest_route=\/wp\/v2\/posts\/125","targetHints":{"allow":["GET"]}}],"collection":[{"href":"https:\/\/www.politicti-vezni.cz\/index.php?rest_route=\/wp\/v2\/posts"}],"about":[{"href":"https:\/\/www.politicti-vezni.cz\/index.php?rest_route=\/wp\/v2\/types\/post"}],"author":[{"embeddable":true,"href":"https:\/\/www.politicti-vezni.cz\/index.php?rest_route=\/wp\/v2\/users\/1"}],"replies":[{"embeddable":true,"href":"https:\/\/www.politicti-vezni.cz\/index.php?rest_route=%2Fwp%2Fv2%2Fcomments&post=125"}],"version-history":[{"count":1,"href":"https:\/\/www.politicti-vezni.cz\/index.php?rest_route=\/wp\/v2\/posts\/125\/revisions"}],"predecessor-version":[{"id":130,"href":"https:\/\/www.politicti-vezni.cz\/index.php?rest_route=\/wp\/v2\/posts\/125\/revisions\/130"}],"wp:featuredmedia":[{"embeddable":true,"href":"https:\/\/www.politicti-vezni.cz\/index.php?rest_route=\/wp\/v2\/media\/34"}],"wp:attachment":[{"href":"https:\/\/www.politicti-vezni.cz\/index.php?rest_route=%2Fwp%2Fv2%2Fmedia&parent=125"}],"wp:term":[{"taxonomy":"category","embeddable":true,"href":"https:\/\/www.politicti-vezni.cz\/index.php?rest_route=%2Fwp%2Fv2%2Fcategories&post=125"},{"taxonomy":"post_tag","embeddable":true,"href":"https:\/\/www.politicti-vezni.cz\/index.php?rest_route=%2Fwp%2Fv2%2Ftags&post=125"}],"curies":[{"name":"wp","href":"https:\/\/api.w.org\/{rel}","templated":true}]}}