{"id":123,"date":"2015-06-05T14:33:00","date_gmt":"2015-06-05T13:33:00","guid":{"rendered":"https:\/\/www.politicti-vezni.cz\/?p=123"},"modified":"2023-03-05T14:34:45","modified_gmt":"2023-03-05T13:34:45","slug":"obeti-komunistickeho-rezimu-si-pripomene-pietni-shromazdeni","status":"publish","type":"post","link":"https:\/\/www.politicti-vezni.cz\/?p=123","title":{"rendered":"Ob\u011bti komunistick\u00e9ho re\u017eimu si p\u0159ipomene pietn\u00ed shrom\u00e1\u017ed\u011bn\u00ed"},"content":{"rendered":"\n<p><strong>Ob\u011bti komunistick\u00e9ho re\u017eimu si p\u0159ipomene pietn\u00ed shrom\u00e1\u017ed\u011bn\u00ed, kter\u00e9 k uct\u011bn\u00ed jejich pam\u00e1tky po\u0159\u00e1d\u00e1 26.6. 2015 v&nbsp;10:00 Sdru\u017een\u00ed b\u00fdval\u00fdch politick\u00fdch v\u011bz\u0148\u016f SBPV na \u010cestn\u00e9m poh\u0159ebi\u0161ti popraven\u00fdch a umu\u010den\u00fdch politick\u00fdch v\u011bz\u0148\u016f v&nbsp;are\u00e1lu h\u0159bitova \u010e\u00e1blice v Praze 8.<\/strong><\/p>\n\n\n\n<p>Shrom\u00e1\u017ed\u011bn\u00ed se ka\u017edoro\u010dn\u011b kon\u00e1 k&nbsp;uct\u011bn\u00ed pam\u00e1tky komunisty popraven\u00fdch a umu\u010den\u00fdch politick\u00fdch v\u011bz\u0148\u016f 50. let, odpo\u010d\u00edvaj\u00edc\u00edch &nbsp;ve hromadn\u00fdch \u0161acht\u00e1ch. Sou\u010d\u00e1st\u00ed tohoto \u010cestn\u00e9ho poh\u0159ebi\u0161t\u011b jsou tak\u00e9 hromadn\u00e9 hroby nemluv\u0148at v\u011bze\u0148ky\u0148 z V\u011bznice Pankr\u00e1c. Na tomto \u010cestn\u00e9m poh\u0159ebi\u0161ti byla v lo\u0148sk\u00e9m roce provedena exhumace umu\u010den\u00e9ho p\u00e1tera Toufara. SBPV spolu s KPV a dal\u0161\u00edmi organizacemi po\u017e\u00e1dala p\u0159edsedu vl\u00e1dy \u010cR, aby byly identifikov\u00e1ny a exhumov\u00e1ny ostatky v\u0161ech politick\u00fdch v\u011bz\u0148\u016f a zlo\u010diny vy\u0161et\u0159eny p\u0159\u00edslu\u0161n\u00fdmi org\u00e1ny.<\/p>\n\n\n\n<p>Je odpov\u011bdnost\u00ed demokratick\u00e9ho st\u00e1tu, aby osudy v\u0161ech politick\u00fdch v\u011bz\u0148\u016f a p\u0159\u00edslu\u0161n\u00edk\u016f II. a III. odboje, jejich\u017e ostatky le\u017e\u00ed nejenom v&nbsp;\u010e\u00e1blic\u00edch, ale i v Motole a na dal\u0161\u00edch m\u00edstech republiky, neupadly v&nbsp;zapomn\u011bn\u00ed. Politi\u010dt\u00ed v\u011bzni byli zbavov\u00e1ni sv\u00e9 identity a n\u00e1sledn\u011b tajn\u011b poh\u0159b\u00edv\u00e1ni tak, aby se s&nbsp;nimi ani rodiny nemohly rozlou\u010dit a nikdo neznal m\u00edsto jejich posledn\u00edho odpo\u010dinku.<\/p>\n\n\n\n<p>Pietn\u00edho shrom\u00e1\u017ed\u011bn\u00ed se z\u00fa\u010dastn\u00ed \u00fastavn\u00ed \u010dinitel\u00e9, p\u0159edstavitel\u00e9 st\u00e1tu, zastupitelsk\u00fdch \u00fa\u0159ad\u016f, c\u00edrkv\u00ed, v\u00fdznamn\u00e9 osobnosti \u010desk\u00e9 spole\u010dnosti, politi\u010dt\u00ed v\u011bzni a ve\u0159ejnost.<\/p>\n\n\n\n<p><strong>SBPV<\/strong><\/p>\n\n\n\n<p>tel (+420) 604&nbsp;735 775<br><a href=\"mailto:info@politicti-vezni.cz\" target=\"_blank\" rel=\"noreferrer noopener\">info@politicti-vezni.cz<\/a><br>Na B\u011blidle 34, 150 00 Praha 5<\/p>\n","protected":false},"excerpt":{"rendered":"<div class=\"mh-excerpt\"><p>Ob\u011bti komunistick\u00e9ho re\u017eimu si p\u0159ipomene pietn\u00ed shrom\u00e1\u017ed\u011bn\u00ed, kter\u00e9 k uct\u011bn\u00ed jejich pam\u00e1tky po\u0159\u00e1d\u00e1 26.6. 2015 v&nbsp;10:00 Sdru\u017een\u00ed b\u00fdval\u00fdch politick\u00fdch v\u011bz\u0148\u016f SBPV na \u010cestn\u00e9m poh\u0159ebi\u0161ti popraven\u00fdch <a class=\"mh-excerpt-more\" href=\"https:\/\/www.politicti-vezni.cz\/?p=123\" title=\"Ob\u011bti komunistick\u00e9ho re\u017eimu si p\u0159ipomene pietn\u00ed shrom\u00e1\u017ed\u011bn\u00ed\">[&#8230;]<\/a><\/p>\n<\/div>","protected":false},"author":1,"featured_media":6,"comment_status":"closed","ping_status":"closed","sticky":false,"template":"","format":"standard","meta":{"footnotes":""},"categories":[2],"tags":[],"class_list":["post-123","post","type-post","status-publish","format-standard","has-post-thumbnail","hentry","category-pozvanky"],"_links":{"self":[{"href":"https:\/\/www.politicti-vezni.cz\/index.php?rest_route=\/wp\/v2\/posts\/123","targetHints":{"allow":["GET"]}}],"collection":[{"href":"https:\/\/www.politicti-vezni.cz\/index.php?rest_route=\/wp\/v2\/posts"}],"about":[{"href":"https:\/\/www.politicti-vezni.cz\/index.php?rest_route=\/wp\/v2\/types\/post"}],"author":[{"embeddable":true,"href":"https:\/\/www.politicti-vezni.cz\/index.php?rest_route=\/wp\/v2\/users\/1"}],"replies":[{"embeddable":true,"href":"https:\/\/www.politicti-vezni.cz\/index.php?rest_route=%2Fwp%2Fv2%2Fcomments&post=123"}],"version-history":[{"count":1,"href":"https:\/\/www.politicti-vezni.cz\/index.php?rest_route=\/wp\/v2\/posts\/123\/revisions"}],"predecessor-version":[{"id":124,"href":"https:\/\/www.politicti-vezni.cz\/index.php?rest_route=\/wp\/v2\/posts\/123\/revisions\/124"}],"wp:featuredmedia":[{"embeddable":true,"href":"https:\/\/www.politicti-vezni.cz\/index.php?rest_route=\/wp\/v2\/media\/6"}],"wp:attachment":[{"href":"https:\/\/www.politicti-vezni.cz\/index.php?rest_route=%2Fwp%2Fv2%2Fmedia&parent=123"}],"wp:term":[{"taxonomy":"category","embeddable":true,"href":"https:\/\/www.politicti-vezni.cz\/index.php?rest_route=%2Fwp%2Fv2%2Fcategories&post=123"},{"taxonomy":"post_tag","embeddable":true,"href":"https:\/\/www.politicti-vezni.cz\/index.php?rest_route=%2Fwp%2Fv2%2Ftags&post=123"}],"curies":[{"name":"wp","href":"https:\/\/api.w.org\/{rel}","templated":true}]}}