{"id":121,"date":"2016-03-05T14:28:00","date_gmt":"2016-03-05T13:28:00","guid":{"rendered":"https:\/\/www.politicti-vezni.cz\/?p=121"},"modified":"2023-03-05T14:33:00","modified_gmt":"2023-03-05T13:33:00","slug":"tiskova-zprava-sdruzeni-byvalych-politickych-veznu-2","status":"publish","type":"post","link":"https:\/\/www.politicti-vezni.cz\/?p=121","title":{"rendered":"Tiskov\u00e1 zpr\u00e1va \u2013 Sdru\u017een\u00ed b\u00fdval\u00fdch politick\u00fdch v\u011bz\u0148\u016f"},"content":{"rendered":"\n<h3 class=\"wp-block-heading\"><strong>Pod\u00e1no trestn\u00ed ozn\u00e1men\u00ed na KS\u010cM<\/strong><\/h3>\n\n\n\n<p><strong>Praha, 2. b\u0159ezna 2016. Dne\u0161n\u00edho dne podalo sedm nevl\u00e1dn\u00edch organizac\u00ed \u2013 Platforma evropsk\u00e9 pam\u011bti a sv\u011bdom\u00ed, Konfederace politick\u00fdch v\u011bz\u0148\u016f \u010cR, Svaz Pomocn\u00fdch technick\u00fdch prapor\u016f \u2013 Vojensk\u00fdch t\u00e1bor\u016f nucen\u00fdch prac\u00ed \u010cR, Pra\u017esk\u00fd akademick\u00fd klub 48, Centrum pro dokumentaci totalitn\u00edch re\u017eim\u016f, obecn\u011b prosp\u011b\u0161n\u00e1 spole\u010dnost Post Bellum a Sdru\u017een\u00ed b\u00fdval\u00fdch politick\u00fdch v\u011bz\u0148\u016f policii a st\u00e1tn\u00edmu zastupitelstv\u00ed \u010cR na Praze 1 trestn\u00ed ozn\u00e1men\u00ed na Komunistickou stranu \u010cech a Moravy pro podez\u0159en\u00ed ze sp\u00e1ch\u00e1n\u00ed trestn\u00e9ho \u010dinu pop\u00edr\u00e1n\u00ed, zpochyb\u0148ov\u00e1n\u00ed, schvalov\u00e1n\u00ed a ospravedl\u0148ov\u00e1n\u00ed genocidia podle \u00a7 405 trestn\u00edho z\u00e1kona.<\/strong><\/p>\n\n\n\n<p>Ve sv\u00e9m prohl\u00e1\u0161en\u00ed p\u0159i p\u0159\u00edle\u017eitosti v\u00fdro\u010d\u00ed 25. \u00fanora 1948 se KS\u010cM p\u0159ihl\u00e1sila<br>\u201ek revolu\u010dn\u00edmu z\u00e1kladu \u00fanora 1948\u201c a \u201eocenila pr\u00e1ci a ob\u011btavost generac\u00ed budovatel\u016f prvn\u00ed formy socialismu\u201c. Oznamovatel\u00e9 jsou p\u0159esv\u011bd\u010deni, \u017ee auto\u0159i textu naplnili skutkovou podstatu z\u00e1kona, kter\u00fd \u0159\u00edk\u00e1, \u017ee ten,<\/p>\n\n\n\n<p>kdo ve\u0159ejn\u011b pop\u00edr\u00e1, zpochyb\u0148uje, schvaluje nebo se sna\u017e\u00ed ospravedlnit nacistick\u00e9, komunistick\u00e9 nebo jin\u00e9 genocidium nebo nacistick\u00e9, komunistick\u00e9 nebo jin\u00e9 zlo\u010diny proti lidskosti nebo v\u00e1le\u010dn\u00e9 zlo\u010diny nebo zlo\u010diny proti m\u00edru, bude potrest\u00e1n odn\u011bt\u00edm svobody na \u0161est m\u011bs\u00edc\u016f a\u017e t\u0159i l\u00e9ta.<br>KS\u010cM toti\u017e sv\u00fdm prohl\u00e1\u0161en\u00edm schvaluje a sna\u017e\u00ed se ospravedlnit nejen zlo\u010diny komunist\u016f, kter\u00fdch se dopustili na sv\u00fdch spoluob\u010danech b\u011bhem diktatury<br>v \u010ceskoslovensku, ale tak\u00e9 neproml\u010diteln\u00e9 v\u00e1le\u010dn\u00e9 zlo\u010diny a zlo\u010diny proti lidskosti p\u00e1chan\u00e9 komunisty v Sov\u011btsk\u00e9m svazu a v dal\u0161\u00edch komunistick\u00fdch diktatur\u00e1ch a\u017e do p\u00e1du re\u017eimu.<\/p>\n\n\n\n<p>Trestn\u00ed ozn\u00e1men\u00ed podepsali statut\u00e1rn\u00ed z\u00e1stupci v\u0161ech sedmi organizac\u00ed.<\/p>\n\n\n\n<p>Ladislav Bergmann<br>p\u0159edseda<br>Sdru\u017een\u00ed b\u00fdval\u00fdch politick\u00fdch v\u011bz\u0148\u016f \u2013 SBPV<br>info@politicti-vezni.cz<br>+420 222 323 816<\/p>\n\n\n\n<p><\/p>\n","protected":false},"excerpt":{"rendered":"<div class=\"mh-excerpt\"><p>Pod\u00e1no trestn\u00ed ozn\u00e1men\u00ed na KS\u010cM Praha, 2. b\u0159ezna 2016. Dne\u0161n\u00edho dne podalo sedm nevl\u00e1dn\u00edch organizac\u00ed \u2013 Platforma evropsk\u00e9 pam\u011bti a sv\u011bdom\u00ed, Konfederace politick\u00fdch v\u011bz\u0148\u016f \u010cR, <a class=\"mh-excerpt-more\" href=\"https:\/\/www.politicti-vezni.cz\/?p=121\" title=\"Tiskov\u00e1 zpr\u00e1va \u2013 Sdru\u017een\u00ed b\u00fdval\u00fdch politick\u00fdch v\u011bz\u0148\u016f\">[&#8230;]<\/a><\/p>\n<\/div>","protected":false},"author":1,"featured_media":6,"comment_status":"closed","ping_status":"closed","sticky":false,"template":"","format":"standard","meta":{"footnotes":""},"categories":[3],"tags":[],"class_list":["post-121","post","type-post","status-publish","format-standard","has-post-thumbnail","hentry","category-nazory"],"_links":{"self":[{"href":"https:\/\/www.politicti-vezni.cz\/index.php?rest_route=\/wp\/v2\/posts\/121","targetHints":{"allow":["GET"]}}],"collection":[{"href":"https:\/\/www.politicti-vezni.cz\/index.php?rest_route=\/wp\/v2\/posts"}],"about":[{"href":"https:\/\/www.politicti-vezni.cz\/index.php?rest_route=\/wp\/v2\/types\/post"}],"author":[{"embeddable":true,"href":"https:\/\/www.politicti-vezni.cz\/index.php?rest_route=\/wp\/v2\/users\/1"}],"replies":[{"embeddable":true,"href":"https:\/\/www.politicti-vezni.cz\/index.php?rest_route=%2Fwp%2Fv2%2Fcomments&post=121"}],"version-history":[{"count":1,"href":"https:\/\/www.politicti-vezni.cz\/index.php?rest_route=\/wp\/v2\/posts\/121\/revisions"}],"predecessor-version":[{"id":122,"href":"https:\/\/www.politicti-vezni.cz\/index.php?rest_route=\/wp\/v2\/posts\/121\/revisions\/122"}],"wp:featuredmedia":[{"embeddable":true,"href":"https:\/\/www.politicti-vezni.cz\/index.php?rest_route=\/wp\/v2\/media\/6"}],"wp:attachment":[{"href":"https:\/\/www.politicti-vezni.cz\/index.php?rest_route=%2Fwp%2Fv2%2Fmedia&parent=121"}],"wp:term":[{"taxonomy":"category","embeddable":true,"href":"https:\/\/www.politicti-vezni.cz\/index.php?rest_route=%2Fwp%2Fv2%2Fcategories&post=121"},{"taxonomy":"post_tag","embeddable":true,"href":"https:\/\/www.politicti-vezni.cz\/index.php?rest_route=%2Fwp%2Fv2%2Ftags&post=121"}],"curies":[{"name":"wp","href":"https:\/\/api.w.org\/{rel}","templated":true}]}}