{"id":113,"date":"2017-03-15T14:16:00","date_gmt":"2017-03-15T13:16:00","guid":{"rendered":"https:\/\/www.politicti-vezni.cz\/?p=113"},"modified":"2023-03-05T14:23:06","modified_gmt":"2023-03-05T13:23:06","slug":"tiskova-zprava-sdruzeni-byvalych-politickych-veznu","status":"publish","type":"post","link":"https:\/\/www.politicti-vezni.cz\/?p=113","title":{"rendered":"Tiskov\u00e1 zpr\u00e1va \u2013 Sdru\u017een\u00ed b\u00fdval\u00fdch politick\u00fdch v\u011bz\u0148\u016f"},"content":{"rendered":"\n<p>\u010e\u00e1blick\u00fd h\u0159bitov v Praze s&nbsp;\u010cestn\u00fdm poh\u0159ebi\u0161t\u011bm popraven\u00fdch a umu\u010den\u00fdch politick\u00fdch v\u011bz\u0148\u016f a p\u0159\u00edslu\u0161n\u00edk\u016f druh\u00e9ho a t\u0159et\u00edho odboje prohl\u00e1\u0161en n\u00e1rodn\u00ed kulturn\u00ed pam\u00e1tkou Usnesen\u00edm vl\u00e1dy ze dne 20.02.2017 byl \u010e\u00e1blick\u00fd h\u0159bitov v&nbsp;Praze s&nbsp;\u010cestn\u00fdm poh\u0159ebi\u0161t\u011bm popraven\u00fdch a umu\u010den\u00fdch politick\u00fdch v\u011bz\u0148\u016f a p\u0159\u00edslu\u0161n\u00edk\u016f druh\u00e9ho a t\u0159et\u00edho odboje prohl\u00e1\u0161en za N\u00e1rodn\u00ed kulturn\u00ed pam\u00e1tku (\u201eNKP\u201c).<\/p>\n\n\n\n<p>\u201eVyhl\u00e1\u0161en\u00ed \u010cestn\u00e9ho poh\u0159ebi\u0161t\u011b za n\u00e1rodn\u00ed kulturn\u00ed pam\u00e1tku vn\u00edm\u00e1me nejen jako uzn\u00e1n\u00ed architektonick\u00fdch kvalit \u010e\u00e1blick\u00e9ho h\u0159bitova, ale zejm\u00e9na jako vyj\u00e1d\u0159en\u00ed \u00facty a respektu politick\u00fdm v\u011bz\u0148\u016fm, kter\u00e9 nacistick\u00fd a komunistick\u00fd re\u017eim p\u0159ipravil o \u017eivot a kte\u0159\u00ed jsou zde pochov\u00e1ni v&nbsp;hromadn\u00fdch hrobech\u201c, prohl\u00e1sil ing. Ji\u0159\u00ed L\u00ednek, p\u0159edseda Sdru\u017een\u00ed b\u00fdval\u00fdch politick\u00fdch v\u011bz\u0148\u016f SBPV, kter\u00e9 o \u010cestn\u00e9 poh\u0159ebi\u0161t\u011b pe\u010duje. \u201eV\u011b\u0159\u00edme, \u017ee status NKP zv\u00fd\u0161\u00ed z\u00e1jem ve\u0159ejnosti a org\u00e1n\u016f ve\u0159ejn\u00e9 spr\u00e1vy o \u00fadr\u017ebu \u010cestn\u00e9ho poh\u0159ebi\u0161t\u011b, o zmapov\u00e1n\u00ed zde le\u017e\u00edc\u00edch ob\u011bt\u00ed, vy\u0161et\u0159en\u00ed t\u011bchto trag\u00e9di\u00ed a tak\u00e9, \u017ee pam\u00e1tka t\u011bchto ob\u011bt\u00ed neupadne v&nbsp;zapomn\u011bn\u00ed.\u201c, dodal.<\/p>\n\n\n\n<p>Prostor hromadn\u00fdch hrob\u016f \u010cestn\u00e9ho poh\u0159ebi\u0161t\u011b byl upraven do dne\u0161n\u00edho stavu ne\u00fanavnou prac\u00ed b\u00fdval\u00e9ho p\u0159edsedy SBPV pana Stanislava Str\u00e1nsk\u00e9ho spolu s&nbsp;Doc. Ji\u0159\u00edm Nedomou a b\u00fdval\u00fdmi politick\u00fdmi v\u011bzni ve spolupr\u00e1ci se&nbsp;Spr\u00e1vou pra\u017esk\u00fdch h\u0159bitov\u016f. Za podporu jmenov\u00e1n\u00ed NKP d\u011bkujeme PhDr. Petru Bla\u017ekovi, Dr. Neele Winkelmannov\u00e9, Konfederaci Politick\u00fdch v\u011bz\u0148\u016f, NP\u00da \u010cR, MK \u010cR a dal\u0161\u00edm jednotlivc\u016fm a organizac\u00edm, kter\u00fdm osud ob\u011bt\u00ed dvou totalitn\u00edch re\u017eim\u016f nebyl lhostejn\u00fd.<\/p>\n\n\n\n<p>Kontakt: SBPV, tel (+420) 604&nbsp;735 775, info@politicti-vezni.cz , Na B\u011blidle 34, 150 00 Praha 5.<\/p>\n","protected":false},"excerpt":{"rendered":"<div class=\"mh-excerpt\"><p>\u010e\u00e1blick\u00fd h\u0159bitov v Praze s&nbsp;\u010cestn\u00fdm poh\u0159ebi\u0161t\u011bm popraven\u00fdch a umu\u010den\u00fdch politick\u00fdch v\u011bz\u0148\u016f a p\u0159\u00edslu\u0161n\u00edk\u016f druh\u00e9ho a t\u0159et\u00edho odboje prohl\u00e1\u0161en n\u00e1rodn\u00ed kulturn\u00ed pam\u00e1tkou Usnesen\u00edm vl\u00e1dy ze dne <a class=\"mh-excerpt-more\" href=\"https:\/\/www.politicti-vezni.cz\/?p=113\" title=\"Tiskov\u00e1 zpr\u00e1va \u2013 Sdru\u017een\u00ed b\u00fdval\u00fdch politick\u00fdch v\u011bz\u0148\u016f\">[&#8230;]<\/a><\/p>\n<\/div>","protected":false},"author":1,"featured_media":114,"comment_status":"closed","ping_status":"closed","sticky":false,"template":"","format":"standard","meta":{"footnotes":""},"categories":[1],"tags":[],"class_list":["post-113","post","type-post","status-publish","format-standard","has-post-thumbnail","hentry","category-reportaz"],"_links":{"self":[{"href":"https:\/\/www.politicti-vezni.cz\/index.php?rest_route=\/wp\/v2\/posts\/113","targetHints":{"allow":["GET"]}}],"collection":[{"href":"https:\/\/www.politicti-vezni.cz\/index.php?rest_route=\/wp\/v2\/posts"}],"about":[{"href":"https:\/\/www.politicti-vezni.cz\/index.php?rest_route=\/wp\/v2\/types\/post"}],"author":[{"embeddable":true,"href":"https:\/\/www.politicti-vezni.cz\/index.php?rest_route=\/wp\/v2\/users\/1"}],"replies":[{"embeddable":true,"href":"https:\/\/www.politicti-vezni.cz\/index.php?rest_route=%2Fwp%2Fv2%2Fcomments&post=113"}],"version-history":[{"count":1,"href":"https:\/\/www.politicti-vezni.cz\/index.php?rest_route=\/wp\/v2\/posts\/113\/revisions"}],"predecessor-version":[{"id":115,"href":"https:\/\/www.politicti-vezni.cz\/index.php?rest_route=\/wp\/v2\/posts\/113\/revisions\/115"}],"wp:featuredmedia":[{"embeddable":true,"href":"https:\/\/www.politicti-vezni.cz\/index.php?rest_route=\/wp\/v2\/media\/114"}],"wp:attachment":[{"href":"https:\/\/www.politicti-vezni.cz\/index.php?rest_route=%2Fwp%2Fv2%2Fmedia&parent=113"}],"wp:term":[{"taxonomy":"category","embeddable":true,"href":"https:\/\/www.politicti-vezni.cz\/index.php?rest_route=%2Fwp%2Fv2%2Fcategories&post=113"},{"taxonomy":"post_tag","embeddable":true,"href":"https:\/\/www.politicti-vezni.cz\/index.php?rest_route=%2Fwp%2Fv2%2Ftags&post=113"}],"curies":[{"name":"wp","href":"https:\/\/api.w.org\/{rel}","templated":true}]}}